{"id":16651,"date":"2025-03-26T16:05:22","date_gmt":"2025-03-26T22:05:22","guid":{"rendered":"https:\/\/fge.oaxaca.gob.mx\/?post_type=noticias&amp;p=8640"},"modified":"2025-03-26T16:05:22","modified_gmt":"2025-03-26T22:05:22","slug":"boletin-1341-fiscalia-de-oaxaca-aprehende-a-sujeto-por-violacion-agravada-en-contra-de-menor-de-edad-cometido-en-la-cuenca","status":"publish","type":"noticias","link":"https:\/\/portal.fgeo.gob.mx\/index.php\/archivos\/noticias\/boletin-1341-fiscalia-de-oaxaca-aprehende-a-sujeto-por-violacion-agravada-en-contra-de-menor-de-edad-cometido-en-la-cuenca","title":{"rendered":"BOLET\u00cdN 1,341.- Fiscal\u00eda de Oaxaca aprehende a sujeto por violaci\u00f3n agravada en contra de menor de edad, cometido en la Cuenca"},"content":{"rendered":"<p style=\"font-weight: 400\"><strong>Oaxaca de Ju\u00e1rez, Oax., a 26 de marzo de 2025<\/strong>.- La Fiscal\u00eda General del Estado de Oaxaca (FGEO) dio cumplimiento a una orden de aprehensi\u00f3n gracias a la cual se logr\u00f3 la detenci\u00f3n de una persona del sexo masculino identificada como R.L.G., por el delito de violaci\u00f3n agravada en agravio de una menor de edad, hechos cometidos en la regi\u00f3n de la Cuenca del Papaloapan.<\/p>\n<p style=\"font-weight: 400\">\u00a0De acuerdo con la carpeta de investigaci\u00f3n, los hechos ocurrieron en diferentes momentos desde noviembre de 2021, mientras la v\u00edctima -una menor de edad, quien por ley se omiten sus datos- se encontraba en un domicilio en la colonia La Fortaleza de San Juan Bautista Tuxtepec, donde ocurri\u00f3 la agresi\u00f3n.<\/p>\n<p style=\"font-weight: 400\">\u00a0Tras recibir la denuncia la Fiscal\u00eda de Oaxaca inici\u00f3 las primeras indagatorias a trav\u00e9s de un equipo especializado y multidisciplinario de la Vicefiscal\u00eda Regional de la Cuenca, lo que permiti\u00f3 que derivado de los trabajos de investigaci\u00f3n se obtuviera la orden de aprehensi\u00f3n, por lo que elementos de la Agencia Estatal de Investigaciones (AEI) se dieron a la tarea de localizar a R.L.G., quien fue detenido y presentado ante la autoridad correspondiente para definir su situaci\u00f3n jur\u00eddica.<\/p>\n<p style=\"font-weight: 400\">\u00a0La FGEO realiza investigaciones integrales con el objetivo de llevar a cabo proceso de procuraci\u00f3n de justicia a favor de las v\u00edctimas, especialmente en casos en que las v\u00edctimas son ni\u00f1as, ni\u00f1os y adolescentes, para garantizar el pleno acceso a la justicia y la reparaci\u00f3n del da\u00f1o.<\/p>\n<p style=\"font-weight: 400\">\n","protected":false},"author":2,"featured_media":8624,"comment_status":"closed","ping_status":"closed","template":"","tags":[],"categoria_noticias":[],"class_list":["post-16651","noticias","type-noticias","status-publish","has-post-thumbnail","hentry"],"acf":[],"mb":[],"mfb_rest_fields":["title","gutenberg_elementor_mode"],"_links":{"self":[{"href":"https:\/\/portal.fgeo.gob.mx\/index.php\/wp-json\/wp\/v2\/noticias\/16651","targetHints":{"allow":["GET"]}}],"collection":[{"href":"https:\/\/portal.fgeo.gob.mx\/index.php\/wp-json\/wp\/v2\/noticias"}],"about":[{"href":"https:\/\/portal.fgeo.gob.mx\/index.php\/wp-json\/wp\/v2\/types\/noticias"}],"author":[{"embeddable":true,"href":"https:\/\/portal.fgeo.gob.mx\/index.php\/wp-json\/wp\/v2\/users\/2"}],"replies":[{"embeddable":true,"href":"https:\/\/portal.fgeo.gob.mx\/index.php\/wp-json\/wp\/v2\/comments?post=16651"}],"wp:featuredmedia":[{"embeddable":true,"href":"https:\/\/portal.fgeo.gob.mx\/index.php\/wp-json\/"}],"wp:attachment":[{"href":"https:\/\/portal.fgeo.gob.mx\/index.php\/wp-json\/wp\/v2\/media?parent=16651"}],"wp:term":[{"taxonomy":"post_tag","embeddable":true,"href":"https:\/\/portal.fgeo.gob.mx\/index.php\/wp-json\/wp\/v2\/tags?post=16651"},{"taxonomy":"categoria_noticias","embeddable":true,"href":"https:\/\/portal.fgeo.gob.mx\/index.php\/wp-json\/wp\/v2\/categoria_noticias?post=16651"}],"curies":[{"name":"wp","href":"https:\/\/api.w.org\/{rel}","templated":true}]}}