{"id":16650,"date":"2025-03-26T12:02:58","date_gmt":"2025-03-26T18:02:58","guid":{"rendered":"https:\/\/fge.oaxaca.gob.mx\/?post_type=noticias&amp;p=8638"},"modified":"2025-03-26T12:02:58","modified_gmt":"2025-03-26T18:02:58","slug":"boletin-1340-fgeo-obtiene-vinculacion-a-proceso-por-homicidio-de-un-estudiante-universitario-cometido-en-oaxaca-de-juarez","status":"publish","type":"noticias","link":"https:\/\/portal.fgeo.gob.mx\/index.php\/archivos\/noticias\/boletin-1340-fgeo-obtiene-vinculacion-a-proceso-por-homicidio-de-un-estudiante-universitario-cometido-en-oaxaca-de-juarez","title":{"rendered":"BOLET\u00cdN 1,340.- FGEO obtiene vinculaci\u00f3n a proceso por homicidio de un estudiante universitario, cometido en Oaxaca de Ju\u00e1rez"},"content":{"rendered":"<p><strong>Oaxaca de Ju\u00e1rez, Oax., a 26 de marzo de 2025<\/strong>.- Derivado de los trabajos de inteligencia criminal y an\u00e1lisis de contexto, la Fiscal\u00eda General del Estado de Oaxaca obtuvo la vinculaci\u00f3n a proceso de una persona del sexo masculino identificado como A.M.S. por el delito de homicidio, hechos ocurridos en la regi\u00f3n de Valles Centrales.<\/p>\n<p>De acuerdo con el expediente penal, los hechos ocurrieron en mayo de 2018, cuando la v\u00edctima identificada como L.A.F.R. -quien era estudiante de la Universidad del Golfo-, se encontraba en un domicilio ubicado en la calle Montes de Oca, de la Colonia Santa Mar\u00eda en la Ciudad de Oaxaca de Ju\u00e1rez, lugar en el que fue agredido y perdi\u00f3 la vida.<\/p>\n<p>Posteriormente, los agresores sacaron el cuerpo sin vida del domicilio antes citado y lo arrojaron metros adelante, dej\u00e1ndolo abandonado en el Callej\u00f3n del Arroyo, donde fue localizado m\u00e1s tarde.<\/p>\n<p>La Fiscal\u00eda de Oaxaca inici\u00f3 la carpeta de investigaci\u00f3n por estos hechos, la cual qued\u00f3 a cargo de la Fiscal\u00eda Especializada en Delitos de Alto Impacto, la cual logr\u00f3 presentar la evidencia necesaria ante el Juez, permitiendo obtener una orden de aprehensi\u00f3n en contra de A.M.S., quien fue detenido por el delito de homicidio.<\/p>\n<p>Tras valorar las pruebas presentadas por la FGEO, el Juez que atiende la causa determin\u00f3 vincular a proceso en contra a A.M.S., por el delito de homicidio, adem\u00e1s dict\u00f3 la medida cautelar de prisi\u00f3n preventiva y otorg\u00f3 un mes para el cierre de la investigaci\u00f3n complementaria.<\/p>\n<p>La Fiscal\u00eda de Oaxaca est\u00e1 comprometida con la realizaci\u00f3n de investigaciones integrales, especialmente en delitos de alto impacto, pues, este es el mecanismo por medio del cual puede garantizar a las v\u00edctimas directas e indirectas un adecuado acceso a la procuraci\u00f3n de justicia.<\/p>\n<p><img decoding=\"async\" class=\"size-medium wp-image-8639\" src=\"https:\/\/portal.fgeo.gob.mx\/wp-content\/uploads\/2025\/03\/Dise%C3%B1o-sin-t%C3%ADtulo-26-300x162.jpg\" alt=\"\" width=\"300\" height=\"162\" \/><\/p>\n","protected":false},"author":2,"featured_media":8624,"comment_status":"closed","ping_status":"closed","template":"","tags":[],"categoria_noticias":[],"class_list":["post-16650","noticias","type-noticias","status-publish","has-post-thumbnail","hentry"],"acf":[],"mb":[],"mfb_rest_fields":["title","gutenberg_elementor_mode"],"_links":{"self":[{"href":"https:\/\/portal.fgeo.gob.mx\/index.php\/wp-json\/wp\/v2\/noticias\/16650","targetHints":{"allow":["GET"]}}],"collection":[{"href":"https:\/\/portal.fgeo.gob.mx\/index.php\/wp-json\/wp\/v2\/noticias"}],"about":[{"href":"https:\/\/portal.fgeo.gob.mx\/index.php\/wp-json\/wp\/v2\/types\/noticias"}],"author":[{"embeddable":true,"href":"https:\/\/portal.fgeo.gob.mx\/index.php\/wp-json\/wp\/v2\/users\/2"}],"replies":[{"embeddable":true,"href":"https:\/\/portal.fgeo.gob.mx\/index.php\/wp-json\/wp\/v2\/comments?post=16650"}],"wp:featuredmedia":[{"embeddable":true,"href":"https:\/\/portal.fgeo.gob.mx\/index.php\/wp-json\/"}],"wp:attachment":[{"href":"https:\/\/portal.fgeo.gob.mx\/index.php\/wp-json\/wp\/v2\/media?parent=16650"}],"wp:term":[{"taxonomy":"post_tag","embeddable":true,"href":"https:\/\/portal.fgeo.gob.mx\/index.php\/wp-json\/wp\/v2\/tags?post=16650"},{"taxonomy":"categoria_noticias","embeddable":true,"href":"https:\/\/portal.fgeo.gob.mx\/index.php\/wp-json\/wp\/v2\/categoria_noticias?post=16650"}],"curies":[{"name":"wp","href":"https:\/\/api.w.org\/{rel}","templated":true}]}}