{"id":16649,"date":"2025-03-26T09:46:43","date_gmt":"2025-03-26T15:46:43","guid":{"rendered":"https:\/\/fge.oaxaca.gob.mx\/?post_type=noticias&amp;p=8636"},"modified":"2025-03-26T09:46:43","modified_gmt":"2025-03-26T15:46:43","slug":"boletin-1339-trabajo-coordinado-entre-fiscalia-de-oaxaca-defensa-secretaria-de-marina-y-sspc-logra-detencion-de-una-persona-aseguran-drogas-armas-y-un-vehiculo-tras-operativo-en-la-costa","status":"publish","type":"noticias","link":"https:\/\/portal.fgeo.gob.mx\/index.php\/archivos\/noticias\/boletin-1339-trabajo-coordinado-entre-fiscalia-de-oaxaca-defensa-secretaria-de-marina-y-sspc-logra-detencion-de-una-persona-aseguran-drogas-armas-y-un-vehiculo-tras-operativo-en-la-costa","title":{"rendered":"BOLET\u00cdN 1,339.-Trabajo coordinado entre Fiscal\u00eda de Oaxaca, DEFENSA, Secretar\u00eda de Marina y SSPC logra detenci\u00f3n de una persona, aseguran drogas, armas y un veh\u00edculo, tras operativo en la Costa"},"content":{"rendered":"<p><strong>Oaxaca de Ju\u00e1rez, Oax., a 26 de marzo de 2025<\/strong>.- Como parte de las acciones para garantizar la paz social y seguridad en todas las regiones de la entidad, la Fiscal\u00eda General del Estado de Oaxaca (FGEO), a trav\u00e9s de elementos de la Agencia Estatal de Investigaciones (AEI),\u00a0 en colaboraci\u00f3n con la Secretar\u00eda de la Defensa Nacional (DEFENSA), Secretar\u00eda de Marina, Polic\u00eda Estatal y Polic\u00eda Vial, lograron la detenci\u00f3n de una persona del sexo masculino identificado como R.E.P.R., por el delito Contra la Salud cometido en la regi\u00f3n de la Costa.<\/p>\n<p>La detenci\u00f3n se realiz\u00f3 cuando los elementos de seguridad, realizaban un operativo en el centro de la poblaci\u00f3n de Bajos de Chila, perteneciente al municipio de San Pedro Mixtepec, cuando recibieron una denuncia ciudadana en la que alertaban sobre la presencia de una persona del sexo masculino al interior de una camioneta estacionada sobre el Paraje conocido como el Zanate, quien se encontraba intercambiando un objeto por dinero a otras personas.<\/p>\n<p>Cuando los elementos policiales arribaron al lugar, se percataron de la presencia de la persona identificada por las iniciales R.E.P.R., a bordo de una camioneta, quien al percatarse de la presencia policial mostr\u00f3 una actitud sospechosa, motivo por el cual se le efectu\u00f3 una inspecci\u00f3n.<\/p>\n<p>Al llevar a cabo la revisi\u00f3n, los elementos policiales hallaron dentro de sus pertenencias diversas bolsas que conten\u00edan hierba seca, as\u00ed como polvo blanco, cristal y coca\u00edna, as\u00ed como un arma de fuego, un cargador con cartuchos, adem\u00e1s, se le fue asegurado un veh\u00edculo de motor con placas de circulaci\u00f3n del estado de Chiapas.<\/p>\n<p>Derivado del operativo policial, R.E.P.R. fue detenido y puesto a disposici\u00f3n de la autoridad correspondiente por el delito contra la salud.<\/p>\n<p>Las labores de inteligencia que realiza la Fiscal\u00eda de Oaxaca para dar mayor certeza a las investigaciones ministeriales por diversos delitos, permiten fortalecer la estrategia estatal de seguridad p\u00fablica y procuraci\u00f3n de justicia a favor de la ciudadan\u00eda en las diferentes regiones de la entidad.<\/p>\n<figure id=\"attachment_8637\" aria-describedby=\"caption-attachment-8637\" style=\"width: 300px\" class=\"wp-caption alignnone\"><img fetchpriority=\"high\" decoding=\"async\" class=\"size-medium wp-image-8637\" src=\"https:\/\/portal.fgeo.gob.mx\/wp-content\/uploads\/2025\/03\/Dise%C3%B1o-sin-t%C3%ADtulo-1-9-300x211.jpg\" alt=\"\" width=\"300\" height=\"211\" \/><figcaption id=\"caption-attachment-8637\" class=\"wp-caption-text\">Dise\u00f1o sin t\u00edtulo &#8211; 1<\/figcaption><\/figure>\n","protected":false},"author":2,"featured_media":8624,"comment_status":"closed","ping_status":"closed","template":"","tags":[],"categoria_noticias":[],"class_list":["post-16649","noticias","type-noticias","status-publish","has-post-thumbnail","hentry"],"acf":[],"mb":[],"mfb_rest_fields":["title","gutenberg_elementor_mode"],"_links":{"self":[{"href":"https:\/\/portal.fgeo.gob.mx\/index.php\/wp-json\/wp\/v2\/noticias\/16649","targetHints":{"allow":["GET"]}}],"collection":[{"href":"https:\/\/portal.fgeo.gob.mx\/index.php\/wp-json\/wp\/v2\/noticias"}],"about":[{"href":"https:\/\/portal.fgeo.gob.mx\/index.php\/wp-json\/wp\/v2\/types\/noticias"}],"author":[{"embeddable":true,"href":"https:\/\/portal.fgeo.gob.mx\/index.php\/wp-json\/wp\/v2\/users\/2"}],"replies":[{"embeddable":true,"href":"https:\/\/portal.fgeo.gob.mx\/index.php\/wp-json\/wp\/v2\/comments?post=16649"}],"wp:featuredmedia":[{"embeddable":true,"href":"https:\/\/portal.fgeo.gob.mx\/index.php\/wp-json\/"}],"wp:attachment":[{"href":"https:\/\/portal.fgeo.gob.mx\/index.php\/wp-json\/wp\/v2\/media?parent=16649"}],"wp:term":[{"taxonomy":"post_tag","embeddable":true,"href":"https:\/\/portal.fgeo.gob.mx\/index.php\/wp-json\/wp\/v2\/tags?post=16649"},{"taxonomy":"categoria_noticias","embeddable":true,"href":"https:\/\/portal.fgeo.gob.mx\/index.php\/wp-json\/wp\/v2\/categoria_noticias?post=16649"}],"curies":[{"name":"wp","href":"https:\/\/api.w.org\/{rel}","templated":true}]}}