{"id":16648,"date":"2025-03-25T16:00:34","date_gmt":"2025-03-25T22:00:34","guid":{"rendered":"https:\/\/fge.oaxaca.gob.mx\/?post_type=noticias&amp;p=8635"},"modified":"2025-03-25T16:00:34","modified_gmt":"2025-03-25T22:00:34","slug":"boletin-1338-obtiene-fiscalia-de-oaxaca-sentencia-condenatoria-de-20-anos-de-prision-contra-responsable-de-violacion-de-una-adolescente-cometida-en-la-sierra-sur","status":"publish","type":"noticias","link":"https:\/\/portal.fgeo.gob.mx\/index.php\/archivos\/noticias\/boletin-1338-obtiene-fiscalia-de-oaxaca-sentencia-condenatoria-de-20-anos-de-prision-contra-responsable-de-violacion-de-una-adolescente-cometida-en-la-sierra-sur","title":{"rendered":"BOLET\u00cdN 1,338.- Obtiene Fiscal\u00eda de Oaxaca sentencia condenatoria de 20 a\u00f1os de prisi\u00f3n contra responsable de violaci\u00f3n de una adolescente, cometida en la Sierra Sur"},"content":{"rendered":"<p><strong>Oaxaca de Ju\u00e1rez, Oax., a 25 de marzo de 2025<\/strong>.- La Fiscal\u00eda General del Estado de Oaxaca (FGEO) obtuvo una sentencia condenatoria de 20 a\u00f1os y tres meses de prisi\u00f3n en contra de una persona del sexo masculino identificada como Sixto G.A., al demostrar su responsabilidad en la comisi\u00f3n del delito de violaci\u00f3n agravada en agravio de una adolescente, hechos ocurridos en la regi\u00f3n de la Sierra Sur.<\/p>\n<p>De acuerdo con el expediente penal del caso, los hechos ocurrieron el 19 de octubre de 2018, cuando la v\u00edctima -cuya identidad est\u00e1 reservada por ley- viajaba con Sixto G.A., a bordo de una motocicleta en un camino de terracer\u00eda que conduce a la localidad de Monjas al Tepehuaje perteneciente al municipio de Miahuatl\u00e1n de Porfirio D\u00edaz, lugar donde la agredi\u00f3.<\/p>\n<p>Despu\u00e9s de recibir la denuncia, la FGEO -a trav\u00e9s de la Vicefiscal\u00eda General de Control Regional- inici\u00f3 las investigaciones correspondientes gracias a las cuales obtuvo la orden de aprehensi\u00f3n que permiti\u00f3 la detenci\u00f3n del hoy sentenciado.<\/p>\n<p>Gracias a los resultados derivados de las investigaciones alrededor de este delito, el Juez tuvo los elementos jur\u00eddicos con los que se logr\u00f3 establecer la responsabilidad de Sixto G.A. en la comisi\u00f3n del delito de Violaci\u00f3n Agravada, por lo que dict\u00f3 sentencia condenatoria de 20 a\u00f1os y tres meses de prisi\u00f3n, as\u00ed como el pago de una multa y la reparaci\u00f3n del da\u00f1o en abstracto.<\/p>\n<p>La Fiscal\u00eda General del Estado de Oaxaca prioriza la investigaci\u00f3n de los delitos cometidos en contra de ni\u00f1as, ni\u00f1os y adolescentes, por ello, busca brindar servicios integrales que permitan garantizarles adecuados procesos de procuraci\u00f3n de justicia.<\/p>\n<p>&nbsp;<\/p>\n","protected":false},"author":2,"featured_media":8624,"comment_status":"closed","ping_status":"closed","template":"","tags":[],"categoria_noticias":[],"class_list":["post-16648","noticias","type-noticias","status-publish","has-post-thumbnail","hentry"],"acf":[],"mb":[],"mfb_rest_fields":["title","gutenberg_elementor_mode"],"_links":{"self":[{"href":"https:\/\/portal.fgeo.gob.mx\/index.php\/wp-json\/wp\/v2\/noticias\/16648","targetHints":{"allow":["GET"]}}],"collection":[{"href":"https:\/\/portal.fgeo.gob.mx\/index.php\/wp-json\/wp\/v2\/noticias"}],"about":[{"href":"https:\/\/portal.fgeo.gob.mx\/index.php\/wp-json\/wp\/v2\/types\/noticias"}],"author":[{"embeddable":true,"href":"https:\/\/portal.fgeo.gob.mx\/index.php\/wp-json\/wp\/v2\/users\/2"}],"replies":[{"embeddable":true,"href":"https:\/\/portal.fgeo.gob.mx\/index.php\/wp-json\/wp\/v2\/comments?post=16648"}],"wp:featuredmedia":[{"embeddable":true,"href":"https:\/\/portal.fgeo.gob.mx\/index.php\/wp-json\/"}],"wp:attachment":[{"href":"https:\/\/portal.fgeo.gob.mx\/index.php\/wp-json\/wp\/v2\/media?parent=16648"}],"wp:term":[{"taxonomy":"post_tag","embeddable":true,"href":"https:\/\/portal.fgeo.gob.mx\/index.php\/wp-json\/wp\/v2\/tags?post=16648"},{"taxonomy":"categoria_noticias","embeddable":true,"href":"https:\/\/portal.fgeo.gob.mx\/index.php\/wp-json\/wp\/v2\/categoria_noticias?post=16648"}],"curies":[{"name":"wp","href":"https:\/\/api.w.org\/{rel}","templated":true}]}}