{"id":16647,"date":"2025-03-25T13:18:23","date_gmt":"2025-03-25T19:18:23","guid":{"rendered":"https:\/\/fge.oaxaca.gob.mx\/?post_type=noticias&amp;p=8631"},"modified":"2025-03-25T13:18:23","modified_gmt":"2025-03-25T19:18:23","slug":"boletin-1337-tenemos-pruebas-documentales-contra-imputados-que-fortalecen-investigacion-por-caso-de-desaparicion-de-personas-originarias-de-tlaxcala-fiscal-de-oaxaca-bernardo-r","status":"publish","type":"noticias","link":"https:\/\/portal.fgeo.gob.mx\/index.php\/archivos\/noticias\/boletin-1337-tenemos-pruebas-documentales-contra-imputados-que-fortalecen-investigacion-por-caso-de-desaparicion-de-personas-originarias-de-tlaxcala-fiscal-de-oaxaca-bernardo-r","title":{"rendered":"BOLET\u00cdN 1,337.- \u201cTenemos pruebas documentales contra imputados, que fortalecen investigaci\u00f3n por caso de desaparici\u00f3n de personas originarias de Tlaxcala\u201d: Fiscal de Oaxaca, Bernardo Rodr\u00edguez Alamilla"},"content":{"rendered":"<p><strong>Oaxaca de Ju\u00e1rez, Oax., a 25 de marzo de 2025<\/strong>.- Al participar en la conferencia de prensa del Gobierno del Estado de Oaxaca, el Fiscal General, Bernardo Rodr\u00edguez Alamilla, inform\u00f3 que en el caso por la desaparici\u00f3n de cinco personas originarias de Tlaxcala, quienes fueron localizadas sin vida en el estado de Puebla, hay tres personas detenidas, una de ellas era integrante de este grupo de personas que fueron vistas por \u00faltima vez en la regi\u00f3n de la Costa, adem\u00e1s de la ejecuci\u00f3n de \u00f3rdenes de aprehensi\u00f3n de un agente estatal de investigaci\u00f3n y un agente del ministerio p\u00fablico, por el delito de desaparici\u00f3n forzada.<\/p>\n<p>Durante la conferencia encabezada por el Gobernador Salom\u00f3n Jara, el Fiscal Bernardo Rodr\u00edguez Alamilla detall\u00f3 que la persona que era parte del grupo de personas de Tlaxcala, identificado como L.E.S.V., fue detenido el 27 de febrero; respecto a O. A. H. V. (quien se desempe\u00f1aba como agente del Ministerio P\u00fablico adscrito a Huatulco) y M. A. C. G. (Agente Estatal de Investigaci\u00f3n, encargado de la comandancia en Huatulco), fueron detenidos por su participaci\u00f3n directa en el delito de desaparici\u00f3n forzada de personas agravada.<\/p>\n<p>Y explic\u00f3 que las investigaciones son s\u00f3lidas, pues se ha logrado documentar a trav\u00e9s de video, fotograf\u00edas y declaraciones, que los servidores p\u00fablicos tendr\u00edan participaci\u00f3n por lo menos en el caso de una persona desaparecida en Huatulco.<\/p>\n<p>El Fiscal Bernardo Rodr\u00edguez Alamilla reiter\u00f3 que el proceso de investigaci\u00f3n est\u00e1 en curso y resalt\u00f3 que este tipo de detenciones tiene el objetivo de se\u00f1alar que ninguna mala actuaci\u00f3n de los servidores p\u00fablicos quedar\u00e1 impune, dentro de la Fiscal\u00eda de Oaxaca.<\/p>\n<p>Asimismo, insisti\u00f3 que en este proceso de investigaci\u00f3n se mantiene una colaboraci\u00f3n continua con la Fiscal\u00eda General del Estado de Puebla y la Fiscal\u00eda General del Estado de Tlaxcala, as\u00ed como con instituciones federales como la Secretar\u00eda de Marina, Secretar\u00eda de Defensa (DEFENSA) y Guardia Nacional con el fin de garantizar un adecuado proceso de procuraci\u00f3n de justicia.<\/p>\n<p>El titular de la Fiscal\u00eda General del Estado de Oaxaca expuso que, a ra\u00edz de este tipo de casos es importante informar sobre el panorama estatal respecto a los casos de desaparici\u00f3n de personas, pues hay una tendencia a la baja en la incidencia de casos, y que el mes de febrero presenta una disminuci\u00f3n importante, pues en comparaci\u00f3n con otras entidades en las que disminuye el homicidio doloso, pero aumentan las desapariciones, en Oaxaca ambos delitos presentan una incidencia a la baja.<\/p>\n<p>Las regiones con mayores denuncias son Valles Centrales, Mixteca, Istmo, y Cuenca, y resalt\u00f3 que hay un 85% de efectividad de la Fiscal\u00eda de Oaxaca en la localizaci\u00f3n de personas reportadas como no localizadas, adem\u00e1s se\u00f1al\u00f3 que el 48.8% de personas desaparecidas son mujeres, mientras que 50.5% son hombres.<\/p>\n<p>El Fiscal Bernardo Rodr\u00edguez reiter\u00f3 el compromiso que tiene la Fiscal\u00eda de Oaxaca con la investigaci\u00f3n de delitos que tienen impacto directo en el tejido social de la entidad, por ello, ci\u00f1e su actuaci\u00f3n a las facultades que otorga la ley por lo que, el funcionariado de la instituci\u00f3n est\u00e1 obligado a cumplirlas y, en caso contrario se aplican los protocolos de control interno para evitar que el involucramiento en conductas delictivas.<\/p>\n<p><img fetchpriority=\"high\" decoding=\"async\" class=\"alignnone size-medium wp-image-8632\" src=\"https:\/\/portal.fgeo.gob.mx\/wp-content\/uploads\/2025\/03\/WhatsApp-Image-2025-03-25-at-1.01.18-PM-2-300x200.jpeg\" alt=\"\" width=\"300\" height=\"200\" \/> <img decoding=\"async\" class=\"alignnone size-medium wp-image-8633\" src=\"https:\/\/portal.fgeo.gob.mx\/wp-content\/uploads\/2025\/03\/WhatsApp-Image-2025-03-25-at-1.01.18-PM-1-300x200.jpeg\" alt=\"\" width=\"300\" height=\"200\" \/> <img decoding=\"async\" class=\"alignnone size-medium wp-image-8634\" src=\"https:\/\/portal.fgeo.gob.mx\/wp-content\/uploads\/2025\/03\/WhatsApp-Image-2025-03-25-at-1.01.18-PM-300x200.jpeg\" alt=\"\" width=\"300\" height=\"200\" \/><\/p>\n","protected":false},"author":2,"featured_media":8624,"comment_status":"closed","ping_status":"closed","template":"","tags":[],"categoria_noticias":[],"class_list":["post-16647","noticias","type-noticias","status-publish","has-post-thumbnail","hentry"],"acf":[],"mb":[],"mfb_rest_fields":["title","gutenberg_elementor_mode"],"_links":{"self":[{"href":"https:\/\/portal.fgeo.gob.mx\/index.php\/wp-json\/wp\/v2\/noticias\/16647","targetHints":{"allow":["GET"]}}],"collection":[{"href":"https:\/\/portal.fgeo.gob.mx\/index.php\/wp-json\/wp\/v2\/noticias"}],"about":[{"href":"https:\/\/portal.fgeo.gob.mx\/index.php\/wp-json\/wp\/v2\/types\/noticias"}],"author":[{"embeddable":true,"href":"https:\/\/portal.fgeo.gob.mx\/index.php\/wp-json\/wp\/v2\/users\/2"}],"replies":[{"embeddable":true,"href":"https:\/\/portal.fgeo.gob.mx\/index.php\/wp-json\/wp\/v2\/comments?post=16647"}],"wp:featuredmedia":[{"embeddable":true,"href":"https:\/\/portal.fgeo.gob.mx\/index.php\/wp-json\/"}],"wp:attachment":[{"href":"https:\/\/portal.fgeo.gob.mx\/index.php\/wp-json\/wp\/v2\/media?parent=16647"}],"wp:term":[{"taxonomy":"post_tag","embeddable":true,"href":"https:\/\/portal.fgeo.gob.mx\/index.php\/wp-json\/wp\/v2\/tags?post=16647"},{"taxonomy":"categoria_noticias","embeddable":true,"href":"https:\/\/portal.fgeo.gob.mx\/index.php\/wp-json\/wp\/v2\/categoria_noticias?post=16647"}],"curies":[{"name":"wp","href":"https:\/\/api.w.org\/{rel}","templated":true}]}}