{"id":16646,"date":"2025-03-25T09:00:19","date_gmt":"2025-03-25T15:00:19","guid":{"rendered":"https:\/\/fge.oaxaca.gob.mx\/?post_type=noticias&amp;p=8629"},"modified":"2025-03-25T09:00:19","modified_gmt":"2025-03-25T15:00:19","slug":"boletin-1336-fiscalia-de-oaxaca-ejecuta-orden-de-aprehension-por-el-delito-de-violacion-ocurrida-en-los-valles-centrales","status":"publish","type":"noticias","link":"https:\/\/portal.fgeo.gob.mx\/index.php\/archivos\/noticias\/boletin-1336-fiscalia-de-oaxaca-ejecuta-orden-de-aprehension-por-el-delito-de-violacion-ocurrida-en-los-valles-centrales","title":{"rendered":"BOLET\u00cdN 1,336.- Fiscal\u00eda de Oaxaca ejecuta orden de aprehensi\u00f3n por el delito de violaci\u00f3n ocurrida en los Valles Centrales"},"content":{"rendered":"<p><strong>Oaxaca de Ju\u00e1rez, Oax., a 25 de marzo de 2025<\/strong>.- La Fiscal\u00eda General del Estado de Oaxaca (FGEO) dio cumplimiento a una orden de aprehensi\u00f3n en contra de una persona del sexo masculino identificada como E.D.S.A., por el delito de Equiparado a la Violaci\u00f3n Agravada en contra de una adolescente, ocurrida en la regi\u00f3n de los Valles Centrales<\/p>\n<p>De acuerdo con la denuncia asentada en el expediente penal, los hechos ocurrieron los d\u00edas 20 y 27 de febrero de 2024, cuando la v\u00edctima (una adolescente, cuya identidad est\u00e1 reservada por ley) se encontraba en el interior de un domicilio ubicado en el fraccionamiento Real del Valle perteneciente a la Villa de Zaachila, lugar donde fue agredida.<\/p>\n<p>Una vez que la FGEO tom\u00f3 conocimiento de los hechos derivado de la denuncia,\u00a0 inici\u00f3 las investigaciones correspondientes a trav\u00e9s de las Comandancia Especializada en Atenci\u00f3n Delitos Contra la Mujer por Raz\u00f3n de G\u00e9nero de la Vicefiscal\u00eda Regional de los Valles Centrales, que reuni\u00f3 las pruebas necesarias que permitieron obtener una orden de aprehensi\u00f3n y posteriormente se realiz\u00f3 la detenci\u00f3n de E.D.S.A., la cual fue ejecutada por elementos de la Agencia Estatal de Investigaciones (AEI) cuando circulaba por la Avenida Jos\u00e9 Murat a la altura de la colonia Lomas de San Jacinto Amilpas.<\/p>\n<p>Tras su detenci\u00f3n, E.D.S.A fue trasladado ante la autoridad que lo requiri\u00f3 para resolver su situaci\u00f3n jur\u00eddica.<\/p>\n<p>La Fiscal\u00eda General del Estado de Oaxaca prioriza las investigaciones relacionadas con delitos cometidos contra las mujeres, ni\u00f1as y adolescentes, para presentar ante la justicia a los responsables a fin de garantizar el derecho a una vida libre de violencia.<\/p>\n<figure id=\"attachment_8630\" aria-describedby=\"caption-attachment-8630\" style=\"width: 206px\" class=\"wp-caption alignnone\"><img fetchpriority=\"high\" decoding=\"async\" class=\"size-medium wp-image-8630\" src=\"https:\/\/portal.fgeo.gob.mx\/wp-content\/uploads\/2025\/03\/Dise%C3%B1o-sin-t%C3%ADtulo-1-8-206x300.jpg\" alt=\"\" width=\"206\" height=\"300\" \/><figcaption id=\"caption-attachment-8630\" class=\"wp-caption-text\">Dise\u00f1o sin t\u00edtulo &#8211; 1<\/figcaption><\/figure>\n","protected":false},"author":2,"featured_media":8624,"comment_status":"closed","ping_status":"closed","template":"","tags":[],"categoria_noticias":[],"class_list":["post-16646","noticias","type-noticias","status-publish","has-post-thumbnail","hentry"],"acf":[],"mb":[],"mfb_rest_fields":["title","gutenberg_elementor_mode"],"_links":{"self":[{"href":"https:\/\/portal.fgeo.gob.mx\/index.php\/wp-json\/wp\/v2\/noticias\/16646","targetHints":{"allow":["GET"]}}],"collection":[{"href":"https:\/\/portal.fgeo.gob.mx\/index.php\/wp-json\/wp\/v2\/noticias"}],"about":[{"href":"https:\/\/portal.fgeo.gob.mx\/index.php\/wp-json\/wp\/v2\/types\/noticias"}],"author":[{"embeddable":true,"href":"https:\/\/portal.fgeo.gob.mx\/index.php\/wp-json\/wp\/v2\/users\/2"}],"replies":[{"embeddable":true,"href":"https:\/\/portal.fgeo.gob.mx\/index.php\/wp-json\/wp\/v2\/comments?post=16646"}],"wp:featuredmedia":[{"embeddable":true,"href":"https:\/\/portal.fgeo.gob.mx\/index.php\/wp-json\/"}],"wp:attachment":[{"href":"https:\/\/portal.fgeo.gob.mx\/index.php\/wp-json\/wp\/v2\/media?parent=16646"}],"wp:term":[{"taxonomy":"post_tag","embeddable":true,"href":"https:\/\/portal.fgeo.gob.mx\/index.php\/wp-json\/wp\/v2\/tags?post=16646"},{"taxonomy":"categoria_noticias","embeddable":true,"href":"https:\/\/portal.fgeo.gob.mx\/index.php\/wp-json\/wp\/v2\/categoria_noticias?post=16646"}],"curies":[{"name":"wp","href":"https:\/\/api.w.org\/{rel}","templated":true}]}}