{"id":16644,"date":"2025-03-24T12:06:46","date_gmt":"2025-03-24T18:06:46","guid":{"rendered":"https:\/\/fge.oaxaca.gob.mx\/?post_type=noticias&amp;p=8625"},"modified":"2025-03-24T12:06:46","modified_gmt":"2025-03-24T18:06:46","slug":"boletin-1334-fiscalia-de-oaxaca-obtiene-vinculacion-a-proceso-contra-distribuidor-de-drogas-que-operaba-en-la-region-del-istmo-de-tehuantepec","status":"publish","type":"noticias","link":"https:\/\/portal.fgeo.gob.mx\/index.php\/archivos\/noticias\/boletin-1334-fiscalia-de-oaxaca-obtiene-vinculacion-a-proceso-contra-distribuidor-de-drogas-que-operaba-en-la-region-del-istmo-de-tehuantepec","title":{"rendered":"BOLET\u00cdN 1,334.- Fiscal\u00eda de Oaxaca obtiene vinculaci\u00f3n a proceso contra distribuidor de drogas que operaba en la regi\u00f3n del Istmo de Tehuantepec"},"content":{"rendered":"<p style=\"font-weight: 400\"><strong>Oaxaca de Ju\u00e1rez, Oax., a 24 de marzo de 2025<\/strong>.- Derivado de los trabajos de investigaci\u00f3n ministerial para el combate a la venta y distribuci\u00f3n de drogas, la Fiscal\u00eda General del Estado de Oaxaca (FGEO) obtuvo el auto de vinculaci\u00f3n a proceso en contra una persona del sexo masculino identificado como R.H.V., imputado por el delito contra la salud en su modalidad de narcomenudeo que operaba en la regi\u00f3n del Istmo.<\/p>\n<p style=\"font-weight: 400\">De acuerdo con el expediente penal, elementos de la Agencia Estatal de Investigaciones (AEI) adscritos a la Vicefiscal\u00eda Regional de Valles Centrales,\u00a0 detuvieron a R.H.V., en la calle L\u00f3pez Mateos del municipio de El Espinal, cuando observaron que el imputado entregaba a otra persona una bolsa con hierba seca, por lo que al acercarse y realizar una inspecci\u00f3n, los polic\u00edas corroboraron la posesi\u00f3n de drogas como marihuana y metanfetamina, lo que deriv\u00f3 en su detenci\u00f3n y puesta a disposici\u00f3n de la autoridad competente.<\/p>\n<p style=\"font-weight: 400\">Luego de las audiencias y, tras el desahogo de pruebas aportadas por la FGEO, el Juez que tiene la causa determin\u00f3 vincular a proceso R.H.V., por el delito contra la salud en su modalidad de narcomenudeo en su hip\u00f3tesis de suministro de metanfetamina y marihuana, imponiendo adem\u00e1s la medida cautelar de prisi\u00f3n preventiva justificada otorgando un plazo de tiempo para el cierre de la investigaci\u00f3n complementaria.<\/p>\n<p style=\"font-weight: 400\">Para la Fiscal\u00eda General de Oaxaca, el combate a la venta y distribuci\u00f3n de drogas en su modalidad de narcomenudeo, forma parte de la estrategia de seguridad que realizan para garantizar una eficaz procuraci\u00f3n de justicia en la entidad.<\/p>\n<p style=\"font-weight: 400\"><img fetchpriority=\"high\" decoding=\"async\" class=\"alignnone size-medium wp-image-8626\" src=\"https:\/\/portal.fgeo.gob.mx\/wp-content\/uploads\/2025\/03\/Dise%C3%B1o-sin-t%C3%ADtulo-24-225x300.jpg\" alt=\"\" width=\"225\" height=\"300\" \/><\/p>\n","protected":false},"author":2,"featured_media":8624,"comment_status":"closed","ping_status":"closed","template":"","tags":[],"categoria_noticias":[],"class_list":["post-16644","noticias","type-noticias","status-publish","has-post-thumbnail","hentry"],"acf":[],"mb":[],"mfb_rest_fields":["title","gutenberg_elementor_mode"],"_links":{"self":[{"href":"https:\/\/portal.fgeo.gob.mx\/index.php\/wp-json\/wp\/v2\/noticias\/16644","targetHints":{"allow":["GET"]}}],"collection":[{"href":"https:\/\/portal.fgeo.gob.mx\/index.php\/wp-json\/wp\/v2\/noticias"}],"about":[{"href":"https:\/\/portal.fgeo.gob.mx\/index.php\/wp-json\/wp\/v2\/types\/noticias"}],"author":[{"embeddable":true,"href":"https:\/\/portal.fgeo.gob.mx\/index.php\/wp-json\/wp\/v2\/users\/2"}],"replies":[{"embeddable":true,"href":"https:\/\/portal.fgeo.gob.mx\/index.php\/wp-json\/wp\/v2\/comments?post=16644"}],"wp:featuredmedia":[{"embeddable":true,"href":"https:\/\/portal.fgeo.gob.mx\/index.php\/wp-json\/"}],"wp:attachment":[{"href":"https:\/\/portal.fgeo.gob.mx\/index.php\/wp-json\/wp\/v2\/media?parent=16644"}],"wp:term":[{"taxonomy":"post_tag","embeddable":true,"href":"https:\/\/portal.fgeo.gob.mx\/index.php\/wp-json\/wp\/v2\/tags?post=16644"},{"taxonomy":"categoria_noticias","embeddable":true,"href":"https:\/\/portal.fgeo.gob.mx\/index.php\/wp-json\/wp\/v2\/categoria_noticias?post=16644"}],"curies":[{"name":"wp","href":"https:\/\/api.w.org\/{rel}","templated":true}]}}