{"id":16643,"date":"2025-03-24T08:32:07","date_gmt":"2025-03-24T14:32:07","guid":{"rendered":"https:\/\/fge.oaxaca.gob.mx\/?post_type=noticias&amp;p=8622"},"modified":"2025-03-24T08:32:07","modified_gmt":"2025-03-24T14:32:07","slug":"boletin-1333-fiscalia-de-oaxaca-aprehende-a-agente-del-ministerio-publico-y-comandante-de-la-aei-por-desaparicion-de-personas-originarias-de-tlaxcala-cometido-en-la-region-de-la-costa","status":"publish","type":"noticias","link":"https:\/\/portal.fgeo.gob.mx\/index.php\/archivos\/noticias\/boletin-1333-fiscalia-de-oaxaca-aprehende-a-agente-del-ministerio-publico-y-comandante-de-la-aei-por-desaparicion-de-personas-originarias-de-tlaxcala-cometido-en-la-region-de-la-costa","title":{"rendered":"BOLET\u00cdN 1,333.- Fiscal\u00eda de Oaxaca aprehende a Agente del Ministerio P\u00fablico y comandante de la AEI por desaparici\u00f3n de personas originarias de Tlaxcala, cometido en la regi\u00f3n de la Costa"},"content":{"rendered":"<p><strong>Oaxaca de Ju\u00e1rez, Oax., 24 de marzo de 2025.-<\/strong> La Fiscal\u00eda General del Estado de Oaxaca (FGEO) dio cumplimiento a dos \u00f3rdenes de aprehensi\u00f3n en contra de O. A. H. V. y M. A. C. G., por el delito de desaparici\u00f3n forzada de personas agravada, cometido en agravio de personas originarias de Tlaxcala, cometido en la regi\u00f3n de la Costa.<\/p>\n<p>Luego de reunir s\u00f3lidas pruebas, la FGEO las present\u00f3 ante la Jueza de Control que concedi\u00f3 las \u00f3rdenes de aprehensi\u00f3n que se ejecutaron en contra de O. A. H. V. (quien se desempe\u00f1aba como agente del Ministerio P\u00fablico adscrito a Huatulco) y M. A. C. G. (Agente Estatal de Investigaci\u00f3n, encargado de la comandancia en Huatulco) por su participaci\u00f3n directa en el delito de desaparici\u00f3n forzada de personas agravada.<\/p>\n<p>Tras la detenci\u00f3n de estas dos personas, fueron puestas a disposici\u00f3n del Juez de Control que determin\u00f3 que la aprehensi\u00f3n fue legal, adem\u00e1s que la FGEO solicit\u00f3 la Vinculaci\u00f3n a Proceso en contra de los dos imputados que quedaron en prisi\u00f3n preventiva.<\/p>\n<p>De acuerdo con el expediente penal del caso, las v\u00edctimas fueron reportadas como desaparecidas en diferentes fechas de febrero de 2025, en distintos puntos de la regi\u00f3n de la Costa de Oaxaca.<\/p>\n<p>Las v\u00edctimas fueron encontradas sin vida el 2 de marzo de 2025, al interior de un autom\u00f3vil abandonado en un paraje ubicado a un costado de la autopista Cuacnopalan-Oaxaca en el municipio de San Jos\u00e9 Miahuatl\u00e1n en Puebla, a unos metros del Puente Calapa.<\/p>\n<p>En tanto que, la Fiscal\u00eda de Oaxaca da seguimiento a las investigaciones respecto al caso, por lo que est\u00e1n en curso las indagatorias sobre la Polic\u00eda Municipal de Santa Cruz Huatulco, adem\u00e1s que las l\u00edneas de investigaci\u00f3n apuntan a la complicidad con c\u00e9lulas delictivas locales de la Costa, por lo que se realizan operativos legales para dar con su paradero<\/p>\n<p>La FGEO ci\u00f1e su actuaci\u00f3n a las facultades que otorga la ley por lo que, el funcionariado de la instituci\u00f3n est\u00e1 obligado a cumplirlas y, en caso contrario se aplican los protocolos de control interno para evitar que el involucramiento en conductas delictivas, pues hay cero tolerancia a cualquier conducta relacionada con actividades ilegales.<\/p>\n<p><img fetchpriority=\"high\" decoding=\"async\" class=\"alignnone size-medium wp-image-8623\" src=\"https:\/\/portal.fgeo.gob.mx\/wp-content\/uploads\/2025\/03\/BOLET%C3%8DN-1333.-Fiscal%C3%ADa-de-Oaxaca-aprehende-a-Agente-del-Ministerio-P%C3%BAblico-y-comandante-de-la-AEI-por-desaparici%C3%B3n-de-personas-originarias-de-Tlaxcala-cometido-en-la-regi%C3%B3n-de-la-Costa-300x181.jpeg\" alt=\"\" width=\"300\" height=\"181\" \/><\/p>\n","protected":false},"author":2,"featured_media":8624,"comment_status":"closed","ping_status":"closed","template":"","tags":[],"categoria_noticias":[],"class_list":["post-16643","noticias","type-noticias","status-publish","has-post-thumbnail","hentry"],"acf":[],"mb":[],"mfb_rest_fields":["title","gutenberg_elementor_mode"],"_links":{"self":[{"href":"https:\/\/portal.fgeo.gob.mx\/index.php\/wp-json\/wp\/v2\/noticias\/16643","targetHints":{"allow":["GET"]}}],"collection":[{"href":"https:\/\/portal.fgeo.gob.mx\/index.php\/wp-json\/wp\/v2\/noticias"}],"about":[{"href":"https:\/\/portal.fgeo.gob.mx\/index.php\/wp-json\/wp\/v2\/types\/noticias"}],"author":[{"embeddable":true,"href":"https:\/\/portal.fgeo.gob.mx\/index.php\/wp-json\/wp\/v2\/users\/2"}],"replies":[{"embeddable":true,"href":"https:\/\/portal.fgeo.gob.mx\/index.php\/wp-json\/wp\/v2\/comments?post=16643"}],"wp:featuredmedia":[{"embeddable":true,"href":"https:\/\/portal.fgeo.gob.mx\/index.php\/wp-json\/"}],"wp:attachment":[{"href":"https:\/\/portal.fgeo.gob.mx\/index.php\/wp-json\/wp\/v2\/media?parent=16643"}],"wp:term":[{"taxonomy":"post_tag","embeddable":true,"href":"https:\/\/portal.fgeo.gob.mx\/index.php\/wp-json\/wp\/v2\/tags?post=16643"},{"taxonomy":"categoria_noticias","embeddable":true,"href":"https:\/\/portal.fgeo.gob.mx\/index.php\/wp-json\/wp\/v2\/categoria_noticias?post=16643"}],"curies":[{"name":"wp","href":"https:\/\/api.w.org\/{rel}","templated":true}]}}