{"id":16642,"date":"2025-03-21T15:31:33","date_gmt":"2025-03-21T21:31:33","guid":{"rendered":"https:\/\/fge.oaxaca.gob.mx\/?post_type=noticias&amp;p=8621"},"modified":"2025-03-21T15:31:33","modified_gmt":"2025-03-21T21:31:33","slug":"boletin-1332-fiscalia-de-oaxaca-detiene-a-dos-personas-derivado-de-investigaciones-por-desapariciones-ocurridas-en-la-costa","status":"publish","type":"noticias","link":"https:\/\/portal.fgeo.gob.mx\/index.php\/archivos\/noticias\/boletin-1332-fiscalia-de-oaxaca-detiene-a-dos-personas-derivado-de-investigaciones-por-desapariciones-ocurridas-en-la-costa","title":{"rendered":"BOLET\u00cdN 1,332.- Fiscal\u00eda de Oaxaca detiene a dos personas derivado de investigaciones por desapariciones ocurridas en la Costa"},"content":{"rendered":"<p>* Las personas detenidas son trabajadores de diferentes \u00e1reas dentro de la FGEO en esa regi\u00f3n de la entidad<\/p>\n<p><strong>\u00a0<\/strong><strong>Oaxaca de Ju\u00e1rez, Oax., a 21 de marzo de 2025<\/strong>.- La Fiscal\u00eda General del Estado de Oaxaca (FGEO) llev\u00f3 a cabo la detenci\u00f3n de dos personas del sexo masculino, derivado de los resultados por la investigaci\u00f3n de diferentes hechos delictivos ocurridos en la regi\u00f3n de la Costa.<\/p>\n<p>Las dos personas del sexo masculino detenidas son trabajadores -de diferentes \u00e1reas- dentro de la instituci\u00f3n encargada de la Procuraci\u00f3n de Justicia, quienes desempe\u00f1aban labores en esa regi\u00f3n de la entidad.<\/p>\n<p>Estas acciones forman parte de los procesos de procuraci\u00f3n de justicia e investigaci\u00f3n ministerial por hechos delictivos relacionados con la desaparici\u00f3n de personas en la regi\u00f3n de la Costa, indagatorias que siguen en curso.<\/p>\n<p>La Fiscal\u00eda de Oaxaca se apega a los tiempos determinados por la ley para ahondar en detalles sobre el caso.<\/p>\n<p>La FGEO fortalece los protocolos de control interno para evitar que funcionarios de esta instituci\u00f3n se vean involucrados en conductas delictivas, y en caso contrario, tiene el compromiso de aplicar la ley para sancionar sin distinci\u00f3n de quien resulte responsable y con ello evitar que este tipo de casos queden impunes.<\/p>\n<p>&nbsp;<\/p>\n","protected":false},"author":2,"featured_media":8546,"comment_status":"closed","ping_status":"closed","template":"","tags":[],"categoria_noticias":[],"class_list":["post-16642","noticias","type-noticias","status-publish","has-post-thumbnail","hentry"],"acf":[],"mb":[],"mfb_rest_fields":["title","gutenberg_elementor_mode"],"_links":{"self":[{"href":"https:\/\/portal.fgeo.gob.mx\/index.php\/wp-json\/wp\/v2\/noticias\/16642","targetHints":{"allow":["GET"]}}],"collection":[{"href":"https:\/\/portal.fgeo.gob.mx\/index.php\/wp-json\/wp\/v2\/noticias"}],"about":[{"href":"https:\/\/portal.fgeo.gob.mx\/index.php\/wp-json\/wp\/v2\/types\/noticias"}],"author":[{"embeddable":true,"href":"https:\/\/portal.fgeo.gob.mx\/index.php\/wp-json\/wp\/v2\/users\/2"}],"replies":[{"embeddable":true,"href":"https:\/\/portal.fgeo.gob.mx\/index.php\/wp-json\/wp\/v2\/comments?post=16642"}],"wp:featuredmedia":[{"embeddable":true,"href":"https:\/\/portal.fgeo.gob.mx\/index.php\/wp-json\/"}],"wp:attachment":[{"href":"https:\/\/portal.fgeo.gob.mx\/index.php\/wp-json\/wp\/v2\/media?parent=16642"}],"wp:term":[{"taxonomy":"post_tag","embeddable":true,"href":"https:\/\/portal.fgeo.gob.mx\/index.php\/wp-json\/wp\/v2\/tags?post=16642"},{"taxonomy":"categoria_noticias","embeddable":true,"href":"https:\/\/portal.fgeo.gob.mx\/index.php\/wp-json\/wp\/v2\/categoria_noticias?post=16642"}],"curies":[{"name":"wp","href":"https:\/\/api.w.org\/{rel}","templated":true}]}}