{"id":16641,"date":"2025-03-21T14:50:27","date_gmt":"2025-03-21T20:50:27","guid":{"rendered":"https:\/\/fge.oaxaca.gob.mx\/?post_type=noticias&amp;p=8619"},"modified":"2025-03-21T14:50:27","modified_gmt":"2025-03-21T20:50:27","slug":"boletin-1331-fiscalia-de-oaxaca-obtiene-vinculacion-a-proceso-en-contra-de-ex-presidenta-de-santa-maria-huazolotitlan-por-trafico-de-permisos-del-servicio-publico-de-transporte","status":"publish","type":"noticias","link":"https:\/\/portal.fgeo.gob.mx\/index.php\/archivos\/noticias\/boletin-1331-fiscalia-de-oaxaca-obtiene-vinculacion-a-proceso-en-contra-de-ex-presidenta-de-santa-maria-huazolotitlan-por-trafico-de-permisos-del-servicio-publico-de-transporte","title":{"rendered":"BOLET\u00cdN 1,331.- Fiscal\u00eda de Oaxaca obtiene vinculaci\u00f3n a proceso en contra de ex presidenta de Santa Mar\u00eda Huazolotitl\u00e1n, por Tr\u00e1fico de Permisos del Servicio P\u00fablico de Transporte"},"content":{"rendered":"<p><strong>Oaxaca de Ju\u00e1rez, Oax., a 21 de marzo de 2025<\/strong>.- Derivado de los trabajos de investigaci\u00f3n, la Fiscal\u00eda General del Estado de Oaxaca (FGE0) obtuvo auto de vinculaci\u00f3n a proceso en contra de una persona del sexo femenino identificada como V.S.R.M., por el delito de Tr\u00e1fico de permisos del servicio p\u00fablico de transporte, cometido en agravio de la sociedad, en hechos ocurridos en la regi\u00f3n de la Costa.<\/p>\n<p>De acuerdo con lo establecido en el expediente penal, los hechos ocurrieron en el periodo en que V.S.R.M. fung\u00eda como presidenta municipal de Santa Mar\u00eda Huazolotitl\u00e1n, en la regi\u00f3n de la Costa, cuando se otorgaron permisos para circular para el transporte p\u00fablico, los cuales estaban firmados por el Ayuntamiento de esa localidad, careciendo de facultades legales para emitir este tipo de documentos.<\/p>\n<p>Tras estos hechos, la Fiscal\u00eda de Oaxaca inici\u00f3 la investigaci\u00f3n correspondiente a trav\u00e9s de la Vicefiscal\u00eda Regional de la Costa, que detuvo y posteriormente present\u00f3 ante el Juez a V.S.R.M., a qui\u00e9n dict\u00f3 auto de vinculaci\u00f3n a proceso en su contra por el delito de Tr\u00e1fico de permisos del servicio p\u00fablico de transporte, adem\u00e1s que dict\u00f3 la medida de prisi\u00f3n preventiva justificada y otorgar dos meses para el cierre de la investigaci\u00f3n complementaria.<\/p>\n<p><img fetchpriority=\"high\" decoding=\"async\" class=\"size-medium wp-image-8620\" src=\"https:\/\/portal.fgeo.gob.mx\/wp-content\/uploads\/2025\/03\/Dise%C3%B1o-sin-t%C3%ADtulo-23-300x199.jpg\" alt=\"\" width=\"300\" height=\"199\" \/><\/p>\n<p>La FGEO realiza investigaciones integrales con el objetivo de llevar a cabo proceso de procuraci\u00f3n de justicia a favor de las v\u00edctimas, por lo que, las denuncias son parte primordial de este tipo de procedimientos.<\/p>\n<p>&nbsp;<\/p>\n<p>&nbsp;<\/p>\n","protected":false},"author":2,"featured_media":8546,"comment_status":"closed","ping_status":"closed","template":"","tags":[],"categoria_noticias":[],"class_list":["post-16641","noticias","type-noticias","status-publish","has-post-thumbnail","hentry"],"acf":[],"mb":[],"mfb_rest_fields":["title","gutenberg_elementor_mode"],"_links":{"self":[{"href":"https:\/\/portal.fgeo.gob.mx\/index.php\/wp-json\/wp\/v2\/noticias\/16641","targetHints":{"allow":["GET"]}}],"collection":[{"href":"https:\/\/portal.fgeo.gob.mx\/index.php\/wp-json\/wp\/v2\/noticias"}],"about":[{"href":"https:\/\/portal.fgeo.gob.mx\/index.php\/wp-json\/wp\/v2\/types\/noticias"}],"author":[{"embeddable":true,"href":"https:\/\/portal.fgeo.gob.mx\/index.php\/wp-json\/wp\/v2\/users\/2"}],"replies":[{"embeddable":true,"href":"https:\/\/portal.fgeo.gob.mx\/index.php\/wp-json\/wp\/v2\/comments?post=16641"}],"wp:featuredmedia":[{"embeddable":true,"href":"https:\/\/portal.fgeo.gob.mx\/index.php\/wp-json\/"}],"wp:attachment":[{"href":"https:\/\/portal.fgeo.gob.mx\/index.php\/wp-json\/wp\/v2\/media?parent=16641"}],"wp:term":[{"taxonomy":"post_tag","embeddable":true,"href":"https:\/\/portal.fgeo.gob.mx\/index.php\/wp-json\/wp\/v2\/tags?post=16641"},{"taxonomy":"categoria_noticias","embeddable":true,"href":"https:\/\/portal.fgeo.gob.mx\/index.php\/wp-json\/wp\/v2\/categoria_noticias?post=16641"}],"curies":[{"name":"wp","href":"https:\/\/api.w.org\/{rel}","templated":true}]}}