{"id":16640,"date":"2025-03-21T10:37:37","date_gmt":"2025-03-21T16:37:37","guid":{"rendered":"https:\/\/fge.oaxaca.gob.mx\/?post_type=noticias&amp;p=8617"},"modified":"2025-03-21T10:37:37","modified_gmt":"2025-03-21T16:37:37","slug":"boletin-1330-obtiene-fgeo-vinculacion-a-proceso-contra-una-persona-por-narcomenudeo-cometido-en-la-region-de-la-costa","status":"publish","type":"noticias","link":"https:\/\/portal.fgeo.gob.mx\/index.php\/archivos\/noticias\/boletin-1330-obtiene-fgeo-vinculacion-a-proceso-contra-una-persona-por-narcomenudeo-cometido-en-la-region-de-la-costa","title":{"rendered":"BOLET\u00cdN 1,330.- Obtiene FGEO vinculaci\u00f3n a proceso contra una persona por Narcomenudeo cometido en la regi\u00f3n de la Costa"},"content":{"rendered":"<p style=\"font-weight: 400\"><strong>Oaxaca de Ju\u00e1rez, Oax., a 21 de marzo de 2025<\/strong>.- Como parte de las acciones de investigaci\u00f3n ministerial para combatir los delitos de alto impacto, la Fiscal\u00eda General del Estado de Oaxaca (FGEO) obtuvo de un Juez de Control, auto de vinculaci\u00f3n a proceso contra una persona del sexo masculino identificada como A.A.A.S., por el delito contra la Salud en su modalidad de Narcomenudeo en su hip\u00f3tesis de suministro o venta de cannabis sativa y metanfetamina, cometido en agravio de la sociedad.<\/p>\n<p style=\"font-weight: 400\">De acuerdo con el expediente penal, A.A.A.S., fue detenido por Agentes Estatales de Investigaci\u00f3n (AEI) adscritos a la Vicefiscal\u00eda Regional de la Costa, sobre la carretera Corralero- Santiago Pinotepa Nacional, cuando realizaban recorridos de vigilancia y disuasi\u00f3n.<\/p>\n<p style=\"font-weight: 400\">\u00a0La investigaci\u00f3n detalla que, la detenci\u00f3n del imputado se efectu\u00f3 luego de una denuncia ciudadana en la que alertaban sobre una persona del sexo masculino, quien minutos antes hab\u00eda sido se\u00f1alado de agredir f\u00edsicamente a una persona, por lo que los elementos policiales se trasladaron al lugar del reporte y se percataron de la presencia del imputado quien al ver a los efectivos comenz\u00f3 a correr, por lo que fue alcanzado y conforme a derecho se le efectu\u00f3 una inspecci\u00f3n de rutina.<\/p>\n<p style=\"font-weight: 400\">Durante la revisi\u00f3n, los agentes de investigaci\u00f3n hallaron entre sus pertenencias, diversas bolsas que conten\u00edan hierba seca, as\u00ed como polvo granulado, motivo por el cual fue detenido y presentado ante la autoridad correspondiente. Adem\u00e1s, se le fue asegurado un veh\u00edculo de motor con placas de circulaci\u00f3n del estado de Guerrero.<\/p>\n<p style=\"font-weight: 400\">En audiencia, el Juez de Control dict\u00f3 auto de vinculaci\u00f3n a proceso en contra del imputado, por el delito por el delito contra la Salud en su modalidad de Narcomenudeo en su hip\u00f3tesis de suministro o venta de cannabis sativa y metanfetamina, imponiendo la medida cautelar de prisi\u00f3n preventiva justificada y otorgando un mes para el cierre de la investigaci\u00f3n.<\/p>\n<p style=\"font-weight: 400\">La Fiscal\u00eda General de Oaxaca, refrenda su compromiso de seguir trabajando para combatir este tipo de delitos que da\u00f1an el tejido social y atentan contra el bienestar de la sociedad oaxaque\u00f1a.<\/p>\n<p style=\"font-weight: 400\">\n<figure id=\"attachment_8618\" aria-describedby=\"caption-attachment-8618\" style=\"width: 300px\" class=\"wp-caption alignnone\"><img fetchpriority=\"high\" decoding=\"async\" class=\"size-medium wp-image-8618\" src=\"https:\/\/portal.fgeo.gob.mx\/wp-content\/uploads\/2025\/03\/Dise%C3%B1o-sin-t%C3%ADtulo-22-300x206.jpg\" alt=\"\" width=\"300\" height=\"206\" \/><figcaption id=\"caption-attachment-8618\" class=\"wp-caption-text\">Dise\u00f1o sin t\u00edtulo &#8211; 1<\/figcaption><\/figure>\n","protected":false},"author":2,"featured_media":8546,"comment_status":"closed","ping_status":"closed","template":"","tags":[],"categoria_noticias":[],"class_list":["post-16640","noticias","type-noticias","status-publish","has-post-thumbnail","hentry"],"acf":[],"mb":[],"mfb_rest_fields":["title","gutenberg_elementor_mode"],"_links":{"self":[{"href":"https:\/\/portal.fgeo.gob.mx\/index.php\/wp-json\/wp\/v2\/noticias\/16640","targetHints":{"allow":["GET"]}}],"collection":[{"href":"https:\/\/portal.fgeo.gob.mx\/index.php\/wp-json\/wp\/v2\/noticias"}],"about":[{"href":"https:\/\/portal.fgeo.gob.mx\/index.php\/wp-json\/wp\/v2\/types\/noticias"}],"author":[{"embeddable":true,"href":"https:\/\/portal.fgeo.gob.mx\/index.php\/wp-json\/wp\/v2\/users\/2"}],"replies":[{"embeddable":true,"href":"https:\/\/portal.fgeo.gob.mx\/index.php\/wp-json\/wp\/v2\/comments?post=16640"}],"wp:featuredmedia":[{"embeddable":true,"href":"https:\/\/portal.fgeo.gob.mx\/index.php\/wp-json\/"}],"wp:attachment":[{"href":"https:\/\/portal.fgeo.gob.mx\/index.php\/wp-json\/wp\/v2\/media?parent=16640"}],"wp:term":[{"taxonomy":"post_tag","embeddable":true,"href":"https:\/\/portal.fgeo.gob.mx\/index.php\/wp-json\/wp\/v2\/tags?post=16640"},{"taxonomy":"categoria_noticias","embeddable":true,"href":"https:\/\/portal.fgeo.gob.mx\/index.php\/wp-json\/wp\/v2\/categoria_noticias?post=16640"}],"curies":[{"name":"wp","href":"https:\/\/api.w.org\/{rel}","templated":true}]}}