{"id":16639,"date":"2025-03-20T15:39:14","date_gmt":"2025-03-20T21:39:14","guid":{"rendered":"https:\/\/fge.oaxaca.gob.mx\/?post_type=noticias&amp;p=8615"},"modified":"2025-03-20T15:39:14","modified_gmt":"2025-03-20T21:39:14","slug":"boletin-1329-obtiene-fgeo-sentencia-contra-responsable-de-robo-con-violencia-ocurrido-en-la-sierra-de-flores-magon","status":"publish","type":"noticias","link":"https:\/\/portal.fgeo.gob.mx\/index.php\/archivos\/noticias\/boletin-1329-obtiene-fgeo-sentencia-contra-responsable-de-robo-con-violencia-ocurrido-en-la-sierra-de-flores-magon","title":{"rendered":"BOLET\u00cdN 1,329.- Obtiene FGEO sentencia contra responsable de robo con violencia ocurrido en la Sierra de Flores Mag\u00f3n"},"content":{"rendered":"<p><strong>Oaxaca de Ju\u00e1rez, Oax., a 20 de marzo de 2025<\/strong>.- La Fiscal\u00eda General del Estado de Oaxaca (FGEO) obtuvo una sentencia condenatoria de seis a\u00f1os y tres meses de prisi\u00f3n contra una persona del sexo masculino identificada como Pedro J.R., por el delito de robo calificado con violencia a las personas en perjuicio patrimonial de A.T.G., cometido en la regi\u00f3n de la Sierra de Flores Mag\u00f3n.<\/p>\n<p>De acuerdo con el expediente penal, los hechos ocurrieron el 01 de octubre de 2021, cuando la v\u00edctima circulaba a bordo de una unidad de motor sobre la carretera de terracer\u00eda de Nogaltepec jurisdicci\u00f3n de Mazatl\u00e1n Villa de Flores perteneciente al distrito de Teotitl\u00e1n de Flores Mag\u00f3n, lugar donde fue interceptado por el hoy sentenciado quien lo amag\u00f3 con un arma de fuego para despojarlo de sus pertenencias y de la camioneta en la que viajaba.<\/p>\n<p>Cuando la FGEO tom\u00f3 conocimiento del caso derivado de la denuncia interpuesta, inici\u00f3 las investigaciones correspondientes a trav\u00e9s de la Vicefiscal\u00eda General de Control Regional, las cuales permitieron aprehender al imputado y llevarlo ante el juez quien despu\u00e9s de evaluar los datos de prueba, dict\u00f3 sentencia condenatoria de seis a\u00f1os y tres meses de prisi\u00f3n adem\u00e1s de imponer una multa econ\u00f3mica y el pago por concepto de reparaci\u00f3n del da\u00f1o en abstracto, luego de demostrar su responsabilidad en el delito de robo calificado con violencia a las personas.<\/p>\n<p>A trav\u00e9s de l\u00edneas de investigaci\u00f3n s\u00f3lidas, la FGEO reafirma su compromiso de llevar ante la justicia a quienes atenten contra la paz social de la ciudadan\u00eda oaxaque\u00f1a, fortaleciendo la procuraci\u00f3n de justicia para combatir los fen\u00f3menos delictivos y la impunidad.<\/p>\n<p><img fetchpriority=\"high\" decoding=\"async\" class=\"alignnone size-medium wp-image-8616\" src=\"https:\/\/portal.fgeo.gob.mx\/wp-content\/uploads\/2025\/03\/WhatsApp-Image-2025-03-20-at-3.38.25-PM-205x300.jpeg\" alt=\"\" width=\"205\" height=\"300\" \/><\/p>\n","protected":false},"author":2,"featured_media":8546,"comment_status":"closed","ping_status":"closed","template":"","tags":[],"categoria_noticias":[],"class_list":["post-16639","noticias","type-noticias","status-publish","has-post-thumbnail","hentry"],"acf":[],"mb":[],"mfb_rest_fields":["title","gutenberg_elementor_mode"],"_links":{"self":[{"href":"https:\/\/portal.fgeo.gob.mx\/index.php\/wp-json\/wp\/v2\/noticias\/16639","targetHints":{"allow":["GET"]}}],"collection":[{"href":"https:\/\/portal.fgeo.gob.mx\/index.php\/wp-json\/wp\/v2\/noticias"}],"about":[{"href":"https:\/\/portal.fgeo.gob.mx\/index.php\/wp-json\/wp\/v2\/types\/noticias"}],"author":[{"embeddable":true,"href":"https:\/\/portal.fgeo.gob.mx\/index.php\/wp-json\/wp\/v2\/users\/2"}],"replies":[{"embeddable":true,"href":"https:\/\/portal.fgeo.gob.mx\/index.php\/wp-json\/wp\/v2\/comments?post=16639"}],"wp:featuredmedia":[{"embeddable":true,"href":"https:\/\/portal.fgeo.gob.mx\/index.php\/wp-json\/"}],"wp:attachment":[{"href":"https:\/\/portal.fgeo.gob.mx\/index.php\/wp-json\/wp\/v2\/media?parent=16639"}],"wp:term":[{"taxonomy":"post_tag","embeddable":true,"href":"https:\/\/portal.fgeo.gob.mx\/index.php\/wp-json\/wp\/v2\/tags?post=16639"},{"taxonomy":"categoria_noticias","embeddable":true,"href":"https:\/\/portal.fgeo.gob.mx\/index.php\/wp-json\/wp\/v2\/categoria_noticias?post=16639"}],"curies":[{"name":"wp","href":"https:\/\/api.w.org\/{rel}","templated":true}]}}