{"id":16635,"date":"2025-03-19T11:38:49","date_gmt":"2025-03-19T17:38:49","guid":{"rendered":"https:\/\/fge.oaxaca.gob.mx\/?post_type=noticias&amp;p=8606"},"modified":"2025-03-19T11:38:49","modified_gmt":"2025-03-19T17:38:49","slug":"boletin-1324-obtiene-fiscalia-de-oaxaca-prision-y-vinculacion-a-proceso-contra-una-persona-por-el-delito-de-feminicidio-cometido-en-los-valles-centrales","status":"publish","type":"noticias","link":"https:\/\/portal.fgeo.gob.mx\/index.php\/archivos\/noticias\/boletin-1324-obtiene-fiscalia-de-oaxaca-prision-y-vinculacion-a-proceso-contra-una-persona-por-el-delito-de-feminicidio-cometido-en-los-valles-centrales","title":{"rendered":"BOLET\u00cdN 1,324.- Obtiene Fiscal\u00eda de Oaxaca prisi\u00f3n y vinculaci\u00f3n a proceso contra una persona por el delito de feminicidio, cometido en los Valles Centrales"},"content":{"rendered":"<p>&nbsp;<\/p>\n<p>* La ejecuci\u00f3n de la orden de aprehensi\u00f3n se logr\u00f3 a trav\u00e9s de un trabajo de colaboraci\u00f3n con la Fiscal\u00eda de Baja California<\/p>\n<p><strong>Oaxaca de Ju\u00e1rez, Oax., a 19 de marzo de 2025<\/strong>.- Los trabajos ministeriales especializados en delitos contra la mujer por raz\u00f3n de g\u00e9nero que realiza la Fiscal\u00eda General del Estado de Oaxaca (FGEO), con estricto apego a la perspectiva de g\u00e9nero, dieron como resultado la obtenci\u00f3n de auto de vinculaci\u00f3n a proceso contra una persona del sexo masculino identificada como J.P.M., por el delito de Feminicidio, hechos ocurridos en la regi\u00f3n de los Valles Centrales.<\/p>\n<p>De acuerdo con el expediente penal, los hechos ocurrieron en la localidad de El Gachup\u00edn, en el municipio de Santa Mar\u00eda Tlazoyaltepec, distrito de Etla, donde localizaron el cuerpo sin vida de una mujer adulta mayor identificada como A.P.S., quien presentaba signos de violencia.<\/p>\n<p>Al tener conocimiento del caso, la Fiscal\u00eda de Oaxaca inici\u00f3 los trabajos de investigaci\u00f3n correspondiente a trav\u00e9s de la Vicefiscal\u00eda General de Control Regional, los cuales permitieron establecer el paradero de J.P.M., quien se encontraba en el estado fronterizo de Baja California por lo que se solicit\u00f3 la colaboraci\u00f3n interinstitucional con la Fiscal\u00eda de Baja California para la ejecuci\u00f3n de la orden de aprehensi\u00f3n en su contra.<\/p>\n<p>Tras la detenci\u00f3n de J.P.M., se efectuaron los tr\u00e1mites legales pertinentes para su traslado a Oaxaca y con ello, ponerlo a disposici\u00f3n de la autoridad ministerial correspondiente que, a su vez, lo present\u00f3 ante el Juez de control que calific\u00f3 como legal la detenci\u00f3n y comunic\u00f3 la imputaci\u00f3n.<\/p>\n<p>Despu\u00e9s de recabar y presentar las pruebas ante el Juez, est\u00e9 dict\u00f3 auto de vinculaci\u00f3n a proceso en contra del imputado por el delito de feminicidio, imponi\u00e9ndole la medida cautelar de prisi\u00f3n preventiva oficiosa, adem\u00e1s que otorg\u00f3 un mes para el cierre de investigaci\u00f3n complementaria.<\/p>\n<p>La Fiscal\u00eda General del Estado de Oaxaca, reitera su compromiso de llevar ante la Justicia a todo aquel que vulnere los derechos y la integridad de Ni\u00f1as, Ni\u00f1os, Adolescentes y Mujeres.<\/p>\n<p><img fetchpriority=\"high\" decoding=\"async\" class=\"size-medium wp-image-8607\" src=\"https:\/\/portal.fgeo.gob.mx\/wp-content\/uploads\/2025\/03\/Dise%C3%B1o-sin-t%C3%ADtulo-18-300x230.jpg\" alt=\"\" width=\"300\" height=\"230\" \/><\/p>\n","protected":false},"author":2,"featured_media":8546,"comment_status":"closed","ping_status":"closed","template":"","tags":[],"categoria_noticias":[],"class_list":["post-16635","noticias","type-noticias","status-publish","has-post-thumbnail","hentry"],"acf":[],"mb":[],"mfb_rest_fields":["title","gutenberg_elementor_mode"],"_links":{"self":[{"href":"https:\/\/portal.fgeo.gob.mx\/index.php\/wp-json\/wp\/v2\/noticias\/16635","targetHints":{"allow":["GET"]}}],"collection":[{"href":"https:\/\/portal.fgeo.gob.mx\/index.php\/wp-json\/wp\/v2\/noticias"}],"about":[{"href":"https:\/\/portal.fgeo.gob.mx\/index.php\/wp-json\/wp\/v2\/types\/noticias"}],"author":[{"embeddable":true,"href":"https:\/\/portal.fgeo.gob.mx\/index.php\/wp-json\/wp\/v2\/users\/2"}],"replies":[{"embeddable":true,"href":"https:\/\/portal.fgeo.gob.mx\/index.php\/wp-json\/wp\/v2\/comments?post=16635"}],"wp:featuredmedia":[{"embeddable":true,"href":"https:\/\/portal.fgeo.gob.mx\/index.php\/wp-json\/"}],"wp:attachment":[{"href":"https:\/\/portal.fgeo.gob.mx\/index.php\/wp-json\/wp\/v2\/media?parent=16635"}],"wp:term":[{"taxonomy":"post_tag","embeddable":true,"href":"https:\/\/portal.fgeo.gob.mx\/index.php\/wp-json\/wp\/v2\/tags?post=16635"},{"taxonomy":"categoria_noticias","embeddable":true,"href":"https:\/\/portal.fgeo.gob.mx\/index.php\/wp-json\/wp\/v2\/categoria_noticias?post=16635"}],"curies":[{"name":"wp","href":"https:\/\/api.w.org\/{rel}","templated":true}]}}