{"id":16632,"date":"2025-03-18T10:00:07","date_gmt":"2025-03-18T16:00:07","guid":{"rendered":"https:\/\/fge.oaxaca.gob.mx\/?post_type=noticias&amp;p=8597"},"modified":"2025-03-18T10:00:07","modified_gmt":"2025-03-18T16:00:07","slug":"boletin-1321-localizan-con-vida-a-persona-privada-de-la-libertad-y-definen-lineas-de-investigacion-a-partir-de-hechos-sucedidos-en-ocotlan-de-morelos-hechos-grabados-en-video-fiscalia-de-oaxaca","status":"publish","type":"noticias","link":"https:\/\/portal.fgeo.gob.mx\/index.php\/archivos\/noticias\/boletin-1321-localizan-con-vida-a-persona-privada-de-la-libertad-y-definen-lineas-de-investigacion-a-partir-de-hechos-sucedidos-en-ocotlan-de-morelos-hechos-grabados-en-video-fiscalia-de-oaxaca","title":{"rendered":"BOLET\u00cdN 1,321.- Localizan con vida a persona privada de la libertad y definen l\u00edneas de investigaci\u00f3n a partir de hechos sucedidos en Ocotl\u00e1n de Morelos  y grabados en video: Fiscal\u00eda de Oaxaca"},"content":{"rendered":"<p style=\"font-weight: 400\"><strong>Oaxaca de Ju\u00e1rez, Oax., a 18 de marzo de 2025<\/strong>.- A partir de una noticia criminal por la publicaci\u00f3n de un video en redes sociales, la Fiscal\u00eda General del Estado de Oaxaca (FGEO) inici\u00f3 las investigaciones correspondientes a trav\u00e9s de las \u00e1reas especializadas y, derivado de la coordinaci\u00f3n interinstitucional con la Polic\u00eda Estatal y Polic\u00eda Municipal, se logr\u00f3 establecer que la v\u00edctima fue privada de la libertad en calles de Ocotl\u00e1n de Morelos, quien fue localizado con vida en inmediaciones de ese municipio.<\/p>\n<p style=\"font-weight: 400\">\u00a0De acuerdo con la investigaci\u00f3n inicial, los hechos sucedieron este lunes 17 de marzo de 2025, en calles de Ocotl\u00e1n de Morelos, donde una persona del sexo masculino (de qui\u00e9n se reserva su identidad por cuestiones de seguridad) fue privada de la libertad por un grupo de personas, aparentemente armadas quienes lo obligaron a subir a un veh\u00edculo, el cual ya est\u00e1 identificado. Hechos que quedaron registrados en un video que se hizo p\u00fablico a trav\u00e9s de diferentes plataformas de las redes sociales.<\/p>\n<p style=\"font-weight: 400\">Luego de tener el reporte de los hechos, elementos de la Polic\u00eda Estatal de la Secretar\u00eda de Seguridad y Protecci\u00f3n Ciudadana, junto con la Polic\u00eda Municipal de la localidad, dieron con el paradero de la v\u00edctima, quien fue localizado con vida en un paraje cercano a este municipio.<\/p>\n<p style=\"font-weight: 400\">La v\u00edctima presentaba lesiones provocadas por golpes, por lo que fue trasladado a un hospital para su atenci\u00f3n m\u00e9dica, donde rinde sus primeras declaraciones al respecto.<\/p>\n<p style=\"font-weight: 400\">En tanto que la Fiscal\u00eda de Oaxaca, a trav\u00e9s de la Vicefiscal\u00eda Regional de Valles Centrales y sus \u00e1reas especializadas, llevan a cabo los actos de investigaci\u00f3n iniciales realizando entrevistas ministeriales, as\u00ed como otros trabajos en el lugar de los hechos, adem\u00e1s de analizar el video en el que se muestra el momento en que se comete el delito, por lo que, tanto el veh\u00edculo como las personas involucradas est\u00e1n en proceso de identificaci\u00f3n para fincar responsabilidades en contra de quienes resulten responsables.<\/p>\n<p style=\"font-weight: 400\">La Fiscal\u00eda de Oaxaca cuenta con personal especializado para el combate a este tipo de conductas criminales que atentan contra el tejido social, por lo que se realizan investigaciones expeditas para garantizar la paz social en todas las regiones de la entidad.<\/p>\n","protected":false},"author":2,"featured_media":8546,"comment_status":"closed","ping_status":"closed","template":"","tags":[],"categoria_noticias":[],"class_list":["post-16632","noticias","type-noticias","status-publish","has-post-thumbnail","hentry"],"acf":[],"mb":[],"mfb_rest_fields":["title","gutenberg_elementor_mode"],"_links":{"self":[{"href":"https:\/\/portal.fgeo.gob.mx\/index.php\/wp-json\/wp\/v2\/noticias\/16632","targetHints":{"allow":["GET"]}}],"collection":[{"href":"https:\/\/portal.fgeo.gob.mx\/index.php\/wp-json\/wp\/v2\/noticias"}],"about":[{"href":"https:\/\/portal.fgeo.gob.mx\/index.php\/wp-json\/wp\/v2\/types\/noticias"}],"author":[{"embeddable":true,"href":"https:\/\/portal.fgeo.gob.mx\/index.php\/wp-json\/wp\/v2\/users\/2"}],"replies":[{"embeddable":true,"href":"https:\/\/portal.fgeo.gob.mx\/index.php\/wp-json\/wp\/v2\/comments?post=16632"}],"wp:featuredmedia":[{"embeddable":true,"href":"https:\/\/portal.fgeo.gob.mx\/index.php\/wp-json\/"}],"wp:attachment":[{"href":"https:\/\/portal.fgeo.gob.mx\/index.php\/wp-json\/wp\/v2\/media?parent=16632"}],"wp:term":[{"taxonomy":"post_tag","embeddable":true,"href":"https:\/\/portal.fgeo.gob.mx\/index.php\/wp-json\/wp\/v2\/tags?post=16632"},{"taxonomy":"categoria_noticias","embeddable":true,"href":"https:\/\/portal.fgeo.gob.mx\/index.php\/wp-json\/wp\/v2\/categoria_noticias?post=16632"}],"curies":[{"name":"wp","href":"https:\/\/api.w.org\/{rel}","templated":true}]}}