{"id":16626,"date":"2025-03-14T13:00:24","date_gmt":"2025-03-14T19:00:24","guid":{"rendered":"https:\/\/fge.oaxaca.gob.mx\/?post_type=noticias&amp;p=8579"},"modified":"2025-03-14T13:00:24","modified_gmt":"2025-03-14T19:00:24","slug":"boletin-1315-fiscalia-de-oaxaca-obtiene-vinculacion-a-proceso-por-delito-contra-la-salud-contra-dos-personas-detenidas-en-flagrancia-en-la-region-de-la-costa","status":"publish","type":"noticias","link":"https:\/\/portal.fgeo.gob.mx\/index.php\/archivos\/noticias\/boletin-1315-fiscalia-de-oaxaca-obtiene-vinculacion-a-proceso-por-delito-contra-la-salud-contra-dos-personas-detenidas-en-flagrancia-en-la-region-de-la-costa","title":{"rendered":"BOLET\u00cdN 1,315.- Fiscal\u00eda de Oaxaca obtiene vinculaci\u00f3n a proceso por delito Contra la salud contra dos personas detenidas en flagrancia en la regi\u00f3n de la Costa"},"content":{"rendered":"<p>* La investigaci\u00f3n revela que V.A.A.O. y A.M.C. estar\u00edan relacionados con la distribuci\u00f3n de droga en diferentes escuelas de la zona<\/p>\n<p><strong>Oaxaca de Ju\u00e1rez, Oax., a 14 de marzo de 2025<\/strong>.- La Fiscal\u00eda General del Estado de Oaxaca (FGEO) obtuvo auto de vinculaci\u00f3n a proceso en contra de dos personas del sexo masculino identificadas como V.A.A.O. y A.M.C., por el delito contra la salud cometido en la regi\u00f3n de la Costa.<\/p>\n<p>De acuerdo a la causa penal, el 04 de marzo de 2025, V.A.A.O. y A.M.C., fueron detenidos en flagrancia por elementos de la Agencia Estatal de Investigaciones (AEI) adscritos a la Vicefiscal\u00eda Regional de la Costa, que realizaban un operativo en la colonia 20 de Noviembre, perteneciente al municipio de Pinotepa Nacional.<\/p>\n<p>Al llevar a cabo la revisi\u00f3n legal, los elementos policiales hallaron dentro de sus pertenencias diversas cantidades de drogas conocidas como cristal y marihuana, por lo que quedaron a disposici\u00f3n de la autoridad correspondiente.<\/p>\n<p>La investigaci\u00f3n revela que, V.A.A.O. y A.M.C. estar\u00edan relacionados con la distribuci\u00f3n de droga en diferentes escuelas ubicadas en la regi\u00f3n de la Costa.<\/p>\n<p>En audiencia, y luego de evaluar las pruebas aportadas por la FGEO, el Juez de Control dict\u00f3 auto de vinculaci\u00f3n a proceso e impuso prisi\u00f3n preventiva justificada de manera definitiva en contra de V.A.A.O. y A.M.C., por el delito contra la salud, adem\u00e1s que otorg\u00f3 un mes para el cierre de la investigaci\u00f3n complementaria.<\/p>\n<p>Para la Fiscal\u00eda General de Oaxaca, el combate a la venta y distribuci\u00f3n de drogas, forma parte de la estrategia de seguridad que realizan para garantizar una eficaz procuraci\u00f3n de justicia en la entidad.<\/p>\n<p><img fetchpriority=\"high\" decoding=\"async\" class=\"size-medium wp-image-8580\" src=\"https:\/\/portal.fgeo.gob.mx\/wp-content\/uploads\/2025\/03\/A.M.C.-alias-el-Qu%C3%ADmico-300x284.jpg\" alt=\"\" width=\"300\" height=\"284\" \/><\/p>\n<p><img decoding=\"async\" class=\"size-medium wp-image-8581\" src=\"https:\/\/portal.fgeo.gob.mx\/wp-content\/uploads\/2025\/03\/Dise%C3%B1o-sin-t%C3%ADtulo-1-7-300x292.jpg\" alt=\"\" width=\"300\" height=\"292\" \/><\/p>\n","protected":false},"author":2,"featured_media":8546,"comment_status":"closed","ping_status":"closed","template":"","tags":[],"categoria_noticias":[],"class_list":["post-16626","noticias","type-noticias","status-publish","has-post-thumbnail","hentry"],"acf":[],"mb":[],"mfb_rest_fields":["title","gutenberg_elementor_mode"],"_links":{"self":[{"href":"https:\/\/portal.fgeo.gob.mx\/index.php\/wp-json\/wp\/v2\/noticias\/16626","targetHints":{"allow":["GET"]}}],"collection":[{"href":"https:\/\/portal.fgeo.gob.mx\/index.php\/wp-json\/wp\/v2\/noticias"}],"about":[{"href":"https:\/\/portal.fgeo.gob.mx\/index.php\/wp-json\/wp\/v2\/types\/noticias"}],"author":[{"embeddable":true,"href":"https:\/\/portal.fgeo.gob.mx\/index.php\/wp-json\/wp\/v2\/users\/2"}],"replies":[{"embeddable":true,"href":"https:\/\/portal.fgeo.gob.mx\/index.php\/wp-json\/wp\/v2\/comments?post=16626"}],"wp:featuredmedia":[{"embeddable":true,"href":"https:\/\/portal.fgeo.gob.mx\/index.php\/wp-json\/"}],"wp:attachment":[{"href":"https:\/\/portal.fgeo.gob.mx\/index.php\/wp-json\/wp\/v2\/media?parent=16626"}],"wp:term":[{"taxonomy":"post_tag","embeddable":true,"href":"https:\/\/portal.fgeo.gob.mx\/index.php\/wp-json\/wp\/v2\/tags?post=16626"},{"taxonomy":"categoria_noticias","embeddable":true,"href":"https:\/\/portal.fgeo.gob.mx\/index.php\/wp-json\/wp\/v2\/categoria_noticias?post=16626"}],"curies":[{"name":"wp","href":"https:\/\/api.w.org\/{rel}","templated":true}]}}