{"id":16625,"date":"2025-03-14T08:14:29","date_gmt":"2025-03-14T14:14:29","guid":{"rendered":"https:\/\/fge.oaxaca.gob.mx\/?post_type=noticias&amp;p=8578"},"modified":"2025-03-14T08:14:29","modified_gmt":"2025-03-14T14:14:29","slug":"boletin-1-314-estudios-periciales-establecen-que-accidente-en-la-carretera-mitla-tehuantepec-ocurrio-porque-conductor-perdio-el-control-del-autobus-fiscalia-de-oaxaca","status":"publish","type":"noticias","link":"https:\/\/portal.fgeo.gob.mx\/index.php\/archivos\/noticias\/boletin-1-314-estudios-periciales-establecen-que-accidente-en-la-carretera-mitla-tehuantepec-ocurrio-porque-conductor-perdio-el-control-del-autobus-fiscalia-de-oaxaca","title":{"rendered":"BOLET\u00cdN 1, 314.- Estudios periciales establecen que accidente en la carretera Mitla-Tehuantepec, ocurri\u00f3 porque conductor perdi\u00f3 el control del autob\u00fas: Fiscal\u00eda de Oaxaca"},"content":{"rendered":"<p><strong>Oaxaca de Ju\u00e1rez, Oax., 13 de marzo de 2025.- <\/strong>Derivado de los trabajos periciales realizados por especialistas de la Fiscal\u00eda General del Estado de Oaxaca se logr\u00f3 establecer la causa del accidente del autob\u00fas de pasajeros ocurrido el lunes 10 marzo de 2025, en el kil\u00f3metro 83+200 sobre la autopista Mitla -Tehuantepec, en la jurisdicci\u00f3n de Santo Domingo Narro, San Juan Juquila Mixe, el cual ocurri\u00f3 por la p\u00e9rdida de control en la conducci\u00f3n del veh\u00edculo.<\/p>\n<p>De acuerdo con los resultados emitidos por diferentes especialistas del Instituto de Servicios Periciales de la Fiscal\u00eda de Oaxaca, el conductor del autob\u00fas perdi\u00f3 el control de la unidad, lo que ocasion\u00f3 que saliera del camino el veh\u00edculo color blanco con azul con placas de circulaci\u00f3n 59RB-9G, adem\u00e1s que los peritajes revelaron que \u201csolo se observa nitidez en lado de izquierdo, mientras que en el derecho hay una p\u00e9rdida de adherencia del neum\u00e1tico\u201d.<\/p>\n<p>A ra\u00edz de este accidente 19 personas perdieron la vida, de las cuales nueve son del sexo masculino, mientras que diez son del sexo femenino, en tanto que la FGEO precis\u00f3 que los cuerpos de las v\u00edctimas ya fueron entregados a sus familiares luego de realizar la identificaci\u00f3n legal.<\/p>\n<p>Ante los hechos, la Fiscal\u00eda de Oaxaca despleg\u00f3 en forma inmediata a equipos multidisciplinarios de la Vicefiscal\u00eda General de Control Regional, as\u00ed como personal de la Vicefiscal\u00eda Regional del Istmo y del Instituto de Servicios Periciales para que recabar\u00e1n indicios, as\u00ed como para brindar acompa\u00f1amiento a las familias de las v\u00edctimas para la realizaci\u00f3n de los procesos legales.<\/p>\n<p>Finalmente, la Fiscal\u00eda General del Estado de Oaxaca investiga este tipo de casos con rigor metodol\u00f3gico a trav\u00e9s de trabajos y estudios periciales en diferentes especialidades, con el objetivo de tener certeza cient\u00edfica de c\u00f3mo sucedi\u00f3 el accidente para fincar responsabilidades por los hechos.<\/p>\n<p>Lista de v\u00edctimas<\/p>\n<p>Masculinos:<\/p>\n<ol>\n<li>MIGUEL \u00c1NGEL L.V. -52 A\u00d1OS<\/li>\n<li>JUAN JOS\u00c9 V.V. .- 47 A\u00d1OS<\/li>\n<li>JOS\u00c9 LUIS S.A. \u2013 46 A\u00d1OS<\/li>\n<li>NI\u00d1O \u2013 6 A\u00d1OS<\/li>\n<li>ROM\u00c1N R.M. -56 A\u00d1OS<\/li>\n<li>GUSTAVO L.G. \u2013 54 A\u00d1OS<\/li>\n<li>LUIS MAURICIO S.C. \u2013 35 A\u00d1OS<\/li>\n<li>ROGELIO ADRIAN R.R. \u2013 37 A\u00d1OS<\/li>\n<li>MIGUEL ANGEL G.A. &#8211;<\/li>\n<\/ol>\n<p>Femeninos:<\/p>\n<ol>\n<li>MARTHA ELENA S.V. \u2013 53 A\u00d1OS<\/li>\n<li>MARBET L.S. \u2013 22 A\u00d1OS<\/li>\n<li>LUCERO P.O.- 37 A\u00d1OS<\/li>\n<li>NAYELI S.N. \u2013 23 A\u00d1OS<\/li>\n<li>ELOIDA S.S. &#8211; 26 a\u00f1os<\/li>\n<li>NI\u00d1A \u2013 3 A\u00d1OS<\/li>\n<li>GRISELDA V.L. \u2013 48 A\u00d1OS<\/li>\n<li>V.E.F. -ADOLESCENTE 16 A\u00d1OS<\/li>\n<li>FLORENTINA M.A. \u2013 56 A\u00d1OS<\/li>\n<li>PAULINA R. \u2013 65 A\u00d1OS<\/li>\n<\/ol>\n","protected":false},"author":2,"featured_media":8546,"comment_status":"closed","ping_status":"closed","template":"","tags":[],"categoria_noticias":[],"class_list":["post-16625","noticias","type-noticias","status-publish","has-post-thumbnail","hentry"],"acf":[],"mb":[],"mfb_rest_fields":["title","gutenberg_elementor_mode"],"_links":{"self":[{"href":"https:\/\/portal.fgeo.gob.mx\/index.php\/wp-json\/wp\/v2\/noticias\/16625","targetHints":{"allow":["GET"]}}],"collection":[{"href":"https:\/\/portal.fgeo.gob.mx\/index.php\/wp-json\/wp\/v2\/noticias"}],"about":[{"href":"https:\/\/portal.fgeo.gob.mx\/index.php\/wp-json\/wp\/v2\/types\/noticias"}],"author":[{"embeddable":true,"href":"https:\/\/portal.fgeo.gob.mx\/index.php\/wp-json\/wp\/v2\/users\/2"}],"replies":[{"embeddable":true,"href":"https:\/\/portal.fgeo.gob.mx\/index.php\/wp-json\/wp\/v2\/comments?post=16625"}],"wp:featuredmedia":[{"embeddable":true,"href":"https:\/\/portal.fgeo.gob.mx\/index.php\/wp-json\/"}],"wp:attachment":[{"href":"https:\/\/portal.fgeo.gob.mx\/index.php\/wp-json\/wp\/v2\/media?parent=16625"}],"wp:term":[{"taxonomy":"post_tag","embeddable":true,"href":"https:\/\/portal.fgeo.gob.mx\/index.php\/wp-json\/wp\/v2\/tags?post=16625"},{"taxonomy":"categoria_noticias","embeddable":true,"href":"https:\/\/portal.fgeo.gob.mx\/index.php\/wp-json\/wp\/v2\/categoria_noticias?post=16625"}],"curies":[{"name":"wp","href":"https:\/\/api.w.org\/{rel}","templated":true}]}}