{"id":16622,"date":"2025-03-13T09:38:00","date_gmt":"2025-03-13T15:38:00","guid":{"rendered":"https:\/\/fge.oaxaca.gob.mx\/?post_type=noticias&amp;p=8573"},"modified":"2025-03-13T09:38:00","modified_gmt":"2025-03-13T15:38:00","slug":"boletin-1311-logra-fiscalia-de-oaxaca-vinculacion-a-proceso-y-prision-por-secuestro-cometido-de-un-menor-de-edad-en-la-region-de-la-costa","status":"publish","type":"noticias","link":"https:\/\/portal.fgeo.gob.mx\/index.php\/archivos\/noticias\/boletin-1311-logra-fiscalia-de-oaxaca-vinculacion-a-proceso-y-prision-por-secuestro-cometido-de-un-menor-de-edad-en-la-region-de-la-costa","title":{"rendered":"BOLET\u00cdN 1,311.- Logra Fiscal\u00eda de Oaxaca vinculaci\u00f3n a proceso y prisi\u00f3n por secuestro cometido de un menor de edad, en la regi\u00f3n de la Costa"},"content":{"rendered":"<p>* Por este caso, la FGEO ha obtenido dos sentencias condenatorias de 33 y 50 a\u00f1os de prisi\u00f3n contra dos personas del sexo masculino identificadas como \u00c1ngel M.T. y R.R.C.<\/p>\n<p><strong>Oaxaca de Ju\u00e1rez, Oax., a 13 de marzo de 2025<\/strong>.- La Fiscal\u00eda General del Estado de Oaxaca (FGEO) obtuvo auto de vinculaci\u00f3n a proceso y prisi\u00f3n preventiva en contra de una persona del sexo masculino identificada como J.M.B., por el delito de secuestro agravado en contra de I.G.C., es el tercer implicado que est\u00e1 bajo proceso por estos hechos cometidos en la regi\u00f3n de la Costa.<\/p>\n<p>De acuerdo con el expediente penal del caso, los hechos ocurrieron el 04 de noviembre de 2017, cuando la v\u00edctima (un menor de edad, cuya identidad est\u00e1 reservada por ley) se encontraba en calles de Bah\u00edas de Huatulco, lugar donde fue interceptado por un grupo de personas para privarlo de la libertad y de la vida.<\/p>\n<p>La investigaci\u00f3n revela que los captores se pusieron en contacto con los familiares de la v\u00edctima para solicitar el pago de un rescate para su liberaci\u00f3n, sin embargo, las indagatorias confirmaron que la v\u00edctima hab\u00eda sido privada de la vida dos d\u00edas despu\u00e9s de su plagio.<\/p>\n<p>Cuando la FGEO tom\u00f3 conocimiento del caso, inici\u00f3 los trabajos de inteligencia criminal y a trav\u00e9s de la Fiscal\u00eda Especializada para la Atenci\u00f3n a Delitos de Alto Impacto y la Unidad Especializada de Combate al Secuestro (UECS), despleg\u00f3 a un operativo estrat\u00e9gico con el cual fue posible establecer el paradero de los captores y de continuar con las indagatorias del caso que permitieron la detenci\u00f3n de J.M.B y de otras personas con los que cometi\u00f3 el delito.<\/p>\n<p>Una vez puesto a disposici\u00f3n de la autoridad que lo requiri\u00f3 para su debido proceso, la autoridad judicial comunic\u00f3 la imputaci\u00f3n y derivado de las pruebas aportadas por la FGEO, en audiencia el Juez que atiende la causa dict\u00f3 auto de vinculaci\u00f3n a proceso en contra de J.M.B., por el delito de secuestro agravado, adem\u00e1s de imponer la medida cautelar de prisi\u00f3n preventiva justificada y otorgar tres meses para el cierre de la investigaci\u00f3n complementaria.<\/p>\n<p>Es importante destacar que, por este caso, la FGEO ha logrado dos sentencias condenatorias de 33 y 50 a\u00f1os de prisi\u00f3n contra dos personas del sexo masculino identificadas como \u00c1ngel M.T. y R.R.C.<\/p>\n<p>Los trabajos de combate al secuestro que realiza la Fiscal\u00eda de Oaxaca se efect\u00faan en estricto apego a los protocolos de actuaci\u00f3n en la materia para dar certeza a las v\u00edctimas directas e indirectas, para que tengan pleno acceso a la justicia.<\/p>\n<figure id=\"attachment_8574\" aria-describedby=\"caption-attachment-8574\" style=\"width: 300px\" class=\"wp-caption alignnone\"><img decoding=\"async\" class=\"size-medium wp-image-8574\" src=\"https:\/\/portal.fgeo.gob.mx\/wp-content\/uploads\/2025\/03\/Dise%C3%B1o-sin-t%C3%ADtulo-14-300x140.jpg\" alt=\"\" width=\"300\" height=\"140\" \/><figcaption id=\"caption-attachment-8574\" class=\"wp-caption-text\">Dise\u00f1o sin t\u00edtulo &#8211; 1<\/figcaption><\/figure>\n","protected":false},"author":2,"featured_media":8546,"comment_status":"closed","ping_status":"closed","template":"","tags":[],"categoria_noticias":[],"class_list":["post-16622","noticias","type-noticias","status-publish","has-post-thumbnail","hentry"],"acf":[],"mb":[],"mfb_rest_fields":["title","gutenberg_elementor_mode"],"_links":{"self":[{"href":"https:\/\/portal.fgeo.gob.mx\/index.php\/wp-json\/wp\/v2\/noticias\/16622","targetHints":{"allow":["GET"]}}],"collection":[{"href":"https:\/\/portal.fgeo.gob.mx\/index.php\/wp-json\/wp\/v2\/noticias"}],"about":[{"href":"https:\/\/portal.fgeo.gob.mx\/index.php\/wp-json\/wp\/v2\/types\/noticias"}],"author":[{"embeddable":true,"href":"https:\/\/portal.fgeo.gob.mx\/index.php\/wp-json\/wp\/v2\/users\/2"}],"replies":[{"embeddable":true,"href":"https:\/\/portal.fgeo.gob.mx\/index.php\/wp-json\/wp\/v2\/comments?post=16622"}],"wp:featuredmedia":[{"embeddable":true,"href":"https:\/\/portal.fgeo.gob.mx\/index.php\/wp-json\/"}],"wp:attachment":[{"href":"https:\/\/portal.fgeo.gob.mx\/index.php\/wp-json\/wp\/v2\/media?parent=16622"}],"wp:term":[{"taxonomy":"post_tag","embeddable":true,"href":"https:\/\/portal.fgeo.gob.mx\/index.php\/wp-json\/wp\/v2\/tags?post=16622"},{"taxonomy":"categoria_noticias","embeddable":true,"href":"https:\/\/portal.fgeo.gob.mx\/index.php\/wp-json\/wp\/v2\/categoria_noticias?post=16622"}],"curies":[{"name":"wp","href":"https:\/\/api.w.org\/{rel}","templated":true}]}}