{"id":16619,"date":"2025-03-12T10:52:47","date_gmt":"2025-03-12T16:52:47","guid":{"rendered":"https:\/\/fge.oaxaca.gob.mx\/?post_type=noticias&amp;p=8568"},"modified":"2025-03-12T10:52:47","modified_gmt":"2025-03-12T16:52:47","slug":"boletin-1308-obtiene-fgeo-vinculacion-a-proceso-y-prision-contra-tres-imputados-por-homicidio-calificado-en-grado-de-tentativa-cometido-en-san-antonio-de-la-cal","status":"publish","type":"noticias","link":"https:\/\/portal.fgeo.gob.mx\/index.php\/archivos\/noticias\/boletin-1308-obtiene-fgeo-vinculacion-a-proceso-y-prision-contra-tres-imputados-por-homicidio-calificado-en-grado-de-tentativa-cometido-en-san-antonio-de-la-cal","title":{"rendered":"BOLET\u00cdN 1,308.- Obtiene FGEO vinculaci\u00f3n a proceso y prisi\u00f3n contra tres imputados por Homicidio Calificado en grado de Tentativa, cometido en San Antonio de la Cal"},"content":{"rendered":"<p><strong>Oaxaca de Ju\u00e1rez, Oax., a 12 de marzo de 2025<\/strong>.- Como parte de las acciones de investigaci\u00f3n ministerial para combatir los delitos de alto impacto, la Fiscal\u00eda General del Estado de Oaxaca (FGEO) obtuvo auto de vinculaci\u00f3n a proceso y prisi\u00f3n preventiva contra tres personas del sexo masculino, identificadas por las iniciales J. M. M. L., B. G. C.\u00a0 y H. M. O., por el delito de Homicidio Calificado en Grado de Tentativa, ocurrido en el municipio de San Antonio de la Cal en los Valles Centrales de Oaxaca.<\/p>\n<p>Conforme a lo establecido en el expediente, los hechos ocurrieron el 15 de enero de 2025, cuando la v\u00edctima identificada como C. M. P. S. (hombre) caminaba sobre la calle de Margaritas en la Primera Secci\u00f3n de Las Moras de San Antonio de la Cal, cuando fue interceptado por los imputados que, aparentemente pertenecen a un grupo de pandilleros identificados como &#8220;Cholos&#8221; de la zona, quienes lo agredieron con navajas, infligiendo lesiones en diferentes partes del cuerpo que pusieron en peligro su vida.<\/p>\n<p>La Fiscal\u00eda de Oaxaca al tomar conocimiento de los hechos, inici\u00f3 las investigaciones que quedaron a cargo de la Vicefiscal\u00eda Regional de los Valles Centrales que obtuvo una orden de aprehensi\u00f3n en contra de tres personas.<\/p>\n<p>Derivado del mandato judicial, un grupo de elementos de la Agencia Estatal de Investigaciones (AEI) localiz\u00f3 a los imputados y a trav\u00e9s de un operativo simult\u00e1neo, logr\u00f3 la detenci\u00f3n de J. M. M. L., B. G. C.\u00a0 y H. M. O., por el delito de Homicidio Calificado en Grado de Tentativa, para posteriormente presentarlos ante la autoridad correspondiente para su debido proceso.<\/p>\n<p>Tras la valoraci\u00f3n de pruebas presentadas por la FGEO, el juez que atiende la causa dict\u00f3 auto vinculaci\u00f3n a proceso en contra de J. M. M. L., B. G. C., y H. M. O., por el delito de Homicidio Calificado en Grado de Tentativa e impuso prisi\u00f3n preventiva justificada, adem\u00e1s de otorgar tres meses para el cierre de la investigaci\u00f3n complementaria.<\/p>\n<p>La Fiscal\u00eda de Oaxaca focaliza los esfuerzos institucionales en los trabajos ministeriales especializados para tener resultados m\u00e1s efectivos en las labores de procuraci\u00f3n de justicia para que las v\u00edctimas tengan pleno acceso a la justicia.<\/p>\n<figure id=\"attachment_8569\" aria-describedby=\"caption-attachment-8569\" style=\"width: 300px\" class=\"wp-caption alignnone\"><img decoding=\"async\" class=\"size-medium wp-image-8569\" src=\"https:\/\/portal.fgeo.gob.mx\/wp-content\/uploads\/2025\/03\/Dise%C3%B1o-sin-t%C3%ADtulo-13-300x124.jpg\" alt=\"\" width=\"300\" height=\"124\" \/><figcaption id=\"caption-attachment-8569\" class=\"wp-caption-text\">Dise\u00f1o sin t\u00edtulo &#8211; 1<\/figcaption><\/figure>\n","protected":false},"author":2,"featured_media":8546,"comment_status":"closed","ping_status":"closed","template":"","tags":[],"categoria_noticias":[],"class_list":["post-16619","noticias","type-noticias","status-publish","has-post-thumbnail","hentry"],"acf":[],"mb":[],"mfb_rest_fields":["title","gutenberg_elementor_mode"],"_links":{"self":[{"href":"https:\/\/portal.fgeo.gob.mx\/index.php\/wp-json\/wp\/v2\/noticias\/16619","targetHints":{"allow":["GET"]}}],"collection":[{"href":"https:\/\/portal.fgeo.gob.mx\/index.php\/wp-json\/wp\/v2\/noticias"}],"about":[{"href":"https:\/\/portal.fgeo.gob.mx\/index.php\/wp-json\/wp\/v2\/types\/noticias"}],"author":[{"embeddable":true,"href":"https:\/\/portal.fgeo.gob.mx\/index.php\/wp-json\/wp\/v2\/users\/2"}],"replies":[{"embeddable":true,"href":"https:\/\/portal.fgeo.gob.mx\/index.php\/wp-json\/wp\/v2\/comments?post=16619"}],"wp:featuredmedia":[{"embeddable":true,"href":"https:\/\/portal.fgeo.gob.mx\/index.php\/wp-json\/"}],"wp:attachment":[{"href":"https:\/\/portal.fgeo.gob.mx\/index.php\/wp-json\/wp\/v2\/media?parent=16619"}],"wp:term":[{"taxonomy":"post_tag","embeddable":true,"href":"https:\/\/portal.fgeo.gob.mx\/index.php\/wp-json\/wp\/v2\/tags?post=16619"},{"taxonomy":"categoria_noticias","embeddable":true,"href":"https:\/\/portal.fgeo.gob.mx\/index.php\/wp-json\/wp\/v2\/categoria_noticias?post=16619"}],"curies":[{"name":"wp","href":"https:\/\/api.w.org\/{rel}","templated":true}]}}