{"id":16618,"date":"2025-03-11T15:30:54","date_gmt":"2025-03-11T21:30:54","guid":{"rendered":"https:\/\/fge.oaxaca.gob.mx\/?post_type=noticias&amp;p=8566"},"modified":"2025-03-11T15:30:54","modified_gmt":"2025-03-11T21:30:54","slug":"boletin-1307-obtiene-fgeo-vinculacion-a-proceso-y-prision-contra-imputado-por-pederastia-cometida-en-la-ciudad-de-oaxaca","status":"publish","type":"noticias","link":"https:\/\/portal.fgeo.gob.mx\/index.php\/archivos\/noticias\/boletin-1307-obtiene-fgeo-vinculacion-a-proceso-y-prision-contra-imputado-por-pederastia-cometida-en-la-ciudad-de-oaxaca","title":{"rendered":"BOLET\u00cdN 1,307.- Obtiene FGEO vinculaci\u00f3n a proceso y prisi\u00f3n contra imputado por pederastia cometida en la ciudad de Oaxaca"},"content":{"rendered":"<p><strong>Oaxaca de Ju\u00e1rez, Oax., a 11 de marzo de 2025<\/strong>.- Derivado del trabajo ministerial en materia de violencia sexual contra las infancias, la Fiscal\u00eda General del Estado de Oaxaca (FGEO) logr\u00f3 la vinculaci\u00f3n a proceso y prisi\u00f3n preventiva contra una persona del sexo masculino identificado como M.L.V., por el delito de Pederastia, cometido en la ciudad de Oaxaca de Ju\u00e1rez.<\/p>\n<p>De acuerdo con el expediente penal del caso, los hechos ocurrieron el 15 de diciembre de 2024, cuando la v\u00edctima (una ni\u00f1a de siete a\u00f1os de edad, cuya identidad est\u00e1 reservada por ley) se encontraba en el interior de un domicilio ubicado en la colonia Centro de Oaxaca de Ju\u00e1rez, lugar hasta donde lleg\u00f3 el imputado y la agredi\u00f3.<\/p>\n<p>Al tener conocimiento del caso y recibir la denuncia correspondiente, la Fiscal\u00eda de Oaxaca a trav\u00e9s de la Vicefiscal\u00eda Regional de Valles Centrales inici\u00f3 las investigaciones de manera inmediata, diligente y con perspectiva de infancia, logrando recabar pruebas y con ello, obtener una orden de aprehensi\u00f3n contra M.L.V., posterior a su detenci\u00f3n fue presentado ante el Juez que lo requiri\u00f3.<\/p>\n<p>Al ser valorados los datos de prueba aportados por el Ministerio P\u00fablico, el Juez calific\u00f3 como legal la detenci\u00f3n y dict\u00f3 auto de vinculaci\u00f3n a proceso en contra de M.L.V., por el delito de Pederastia, adem\u00e1s impuso la medida de prisi\u00f3n preventiva oficiosa y concedi\u00f3 dos meses para el cierre de la investigaci\u00f3n complementaria.<\/p>\n<p>La Fiscal\u00eda General del Estado de Oaxaca tiene como prioridad garantizar procesos de justicia eficientes en los casos de delitos cometidos en contra de ni\u00f1as, ni\u00f1os y adolescentes, a trav\u00e9s de investigaciones integrales y con perspectiva de infancia que logren garantizar el inter\u00e9s superior de la ni\u00f1ez.<\/p>\n<p><img fetchpriority=\"high\" decoding=\"async\" class=\"size-medium wp-image-8567\" src=\"https:\/\/portal.fgeo.gob.mx\/wp-content\/uploads\/2025\/03\/Dise%C3%B1o-sin-t%C3%ADtulo-12-262x300.jpg\" alt=\"\" width=\"262\" height=\"300\" \/><\/p>\n","protected":false},"author":2,"featured_media":8546,"comment_status":"closed","ping_status":"closed","template":"","tags":[],"categoria_noticias":[],"class_list":["post-16618","noticias","type-noticias","status-publish","has-post-thumbnail","hentry"],"acf":[],"mb":[],"mfb_rest_fields":["title","gutenberg_elementor_mode"],"_links":{"self":[{"href":"https:\/\/portal.fgeo.gob.mx\/index.php\/wp-json\/wp\/v2\/noticias\/16618","targetHints":{"allow":["GET"]}}],"collection":[{"href":"https:\/\/portal.fgeo.gob.mx\/index.php\/wp-json\/wp\/v2\/noticias"}],"about":[{"href":"https:\/\/portal.fgeo.gob.mx\/index.php\/wp-json\/wp\/v2\/types\/noticias"}],"author":[{"embeddable":true,"href":"https:\/\/portal.fgeo.gob.mx\/index.php\/wp-json\/wp\/v2\/users\/2"}],"replies":[{"embeddable":true,"href":"https:\/\/portal.fgeo.gob.mx\/index.php\/wp-json\/wp\/v2\/comments?post=16618"}],"wp:featuredmedia":[{"embeddable":true,"href":"https:\/\/portal.fgeo.gob.mx\/index.php\/wp-json\/"}],"wp:attachment":[{"href":"https:\/\/portal.fgeo.gob.mx\/index.php\/wp-json\/wp\/v2\/media?parent=16618"}],"wp:term":[{"taxonomy":"post_tag","embeddable":true,"href":"https:\/\/portal.fgeo.gob.mx\/index.php\/wp-json\/wp\/v2\/tags?post=16618"},{"taxonomy":"categoria_noticias","embeddable":true,"href":"https:\/\/portal.fgeo.gob.mx\/index.php\/wp-json\/wp\/v2\/categoria_noticias?post=16618"}],"curies":[{"name":"wp","href":"https:\/\/api.w.org\/{rel}","templated":true}]}}