{"id":16616,"date":"2025-03-11T10:21:52","date_gmt":"2025-03-11T16:21:52","guid":{"rendered":"https:\/\/fge.oaxaca.gob.mx\/?post_type=noticias&amp;p=8560"},"modified":"2025-03-11T10:21:52","modified_gmt":"2025-03-11T16:21:52","slug":"boletin-1305-fiscalia-de-oaxaca-ejecuta-orden-de-aprehension-contra-una-persona-del-sexo-masculino-por-feminicidio-cometido-en-mitla","status":"publish","type":"noticias","link":"https:\/\/portal.fgeo.gob.mx\/index.php\/archivos\/noticias\/boletin-1305-fiscalia-de-oaxaca-ejecuta-orden-de-aprehension-contra-una-persona-del-sexo-masculino-por-feminicidio-cometido-en-mitla","title":{"rendered":"BOLET\u00cdN 1305.- Fiscal\u00eda de Oaxaca ejecuta orden de aprehensi\u00f3n contra una persona del sexo masculino por feminicidio cometido en Mitla"},"content":{"rendered":"<p>Oaxaca de Ju\u00e1rez, Oax., a 11 de marzo de 2025.- Derivado de los trabajos ministeriales, la Fiscal\u00eda General del Estado de\u00a0 Oaxaca (FGEO)\u00a0 ejecut\u00f3 una orden de aprehensi\u00f3n en contra de una persona del sexo masculino identificada como A.E.A.H., por el delito de feminicidio agravado, hechos ocurridos en la regi\u00f3n de Valles Centrales.<\/p>\n<p>&nbsp;<\/p>\n<p>De acuerdo con el expediente, los hechos ocurrieron el primero de marzo de 2025 en el municipio de San Pablo Villa de Mitla, lugar en el que la v\u00edctima fue atacada de manera f\u00edsica con un objeto punzante, lo cual le produjo lesiones que ocasionaron que perdiera la vida.<\/p>\n<p>&nbsp;<\/p>\n<p>Al tener conocimiento de los hechos, la FGEO intervino de forma inmediata a trav\u00e9s de la Vicefiscal\u00eda Regional de Valles Centrales, la cual realiz\u00f3 las primeras indagatorias que permitieron obtener la orden de aprehensi\u00f3n en contra de A.E.A.H., quien fue detenido y qued\u00f3 a disposici\u00f3n de la autoridad judicial que lo requiri\u00f3 para determinar su situaci\u00f3n jur\u00eddica.<\/p>\n<p>&nbsp;<\/p>\n<p>Ante casos de delitos cometidos contra mujeres, ni\u00f1as y adolescentes, la Fiscal\u00eda de Oaxaca tiene como prioridad procurar justicia para las v\u00edctimas directas e indirectas de estos hechos, con el objetivo de evitar la impunidad y desincentivar la comisi\u00f3n de estos actos que lesionan profundamente el tejido social.<\/p>\n<p>&nbsp;<\/p>\n<p><img fetchpriority=\"high\" decoding=\"async\" class=\"size-medium wp-image-8561 aligncenter\" src=\"https:\/\/portal.fgeo.gob.mx\/wp-content\/uploads\/2025\/03\/1305-IMG-BOLET%C3%8DN-300x219.jpeg\" alt=\"\" width=\"300\" height=\"219\" \/><\/p>\n","protected":false},"author":2,"featured_media":8492,"comment_status":"closed","ping_status":"closed","template":"","tags":[],"categoria_noticias":[],"class_list":["post-16616","noticias","type-noticias","status-publish","has-post-thumbnail","hentry"],"acf":[],"mb":[],"mfb_rest_fields":["title","gutenberg_elementor_mode"],"_links":{"self":[{"href":"https:\/\/portal.fgeo.gob.mx\/index.php\/wp-json\/wp\/v2\/noticias\/16616","targetHints":{"allow":["GET"]}}],"collection":[{"href":"https:\/\/portal.fgeo.gob.mx\/index.php\/wp-json\/wp\/v2\/noticias"}],"about":[{"href":"https:\/\/portal.fgeo.gob.mx\/index.php\/wp-json\/wp\/v2\/types\/noticias"}],"author":[{"embeddable":true,"href":"https:\/\/portal.fgeo.gob.mx\/index.php\/wp-json\/wp\/v2\/users\/2"}],"replies":[{"embeddable":true,"href":"https:\/\/portal.fgeo.gob.mx\/index.php\/wp-json\/wp\/v2\/comments?post=16616"}],"wp:featuredmedia":[{"embeddable":true,"href":"https:\/\/portal.fgeo.gob.mx\/index.php\/wp-json\/"}],"wp:attachment":[{"href":"https:\/\/portal.fgeo.gob.mx\/index.php\/wp-json\/wp\/v2\/media?parent=16616"}],"wp:term":[{"taxonomy":"post_tag","embeddable":true,"href":"https:\/\/portal.fgeo.gob.mx\/index.php\/wp-json\/wp\/v2\/tags?post=16616"},{"taxonomy":"categoria_noticias","embeddable":true,"href":"https:\/\/portal.fgeo.gob.mx\/index.php\/wp-json\/wp\/v2\/categoria_noticias?post=16616"}],"curies":[{"name":"wp","href":"https:\/\/api.w.org\/{rel}","templated":true}]}}