{"id":16614,"date":"2025-03-10T15:53:13","date_gmt":"2025-03-10T21:53:13","guid":{"rendered":"https:\/\/fge.oaxaca.gob.mx\/?post_type=noticias&amp;p=8547"},"modified":"2025-03-10T15:53:13","modified_gmt":"2025-03-10T21:53:13","slug":"boletin-1303-fiscalia-de-oaxaca-ejecuta-orden-de-aprehension-contra-una-persona-por-el-delito-de-extorsion-y-asociacion-delictuosa-cometido-contra-comerciantes-en-la-region-de-los-valles-centrales","status":"publish","type":"noticias","link":"https:\/\/portal.fgeo.gob.mx\/index.php\/archivos\/noticias\/boletin-1303-fiscalia-de-oaxaca-ejecuta-orden-de-aprehension-contra-una-persona-por-el-delito-de-extorsion-y-asociacion-delictuosa-cometido-contra-comerciantes-en-la-region-de-los-valles-centrales","title":{"rendered":"BOLET\u00cdN 1303.- Fiscal\u00eda de Oaxaca ejecuta orden de aprehensi\u00f3n contra una persona por el delito de extorsi\u00f3n y asociaci\u00f3n delictuosa cometido contra comerciantes en la regi\u00f3n de los Valles Centrales"},"content":{"rendered":"<p><strong>Oaxaca de Ju\u00e1rez, Oax., 10 de marzo de 2025.-<\/strong> La Fiscal\u00eda General del Estado de Oaxaca (FGEO) dio cumplimiento a una orden de aprehensi\u00f3n en contra de una persona del sexo masculino identificado como J.M.T.Z. por el delito de Extorsi\u00f3n y Asociaci\u00f3n delictuosa en agravio de M.M.V. y 17 personas m\u00e1s (comerciantes de frutas y verduras), cometido en la regi\u00f3n de los Valles Centrales.<\/p>\n<p>De acuerdo a la causa penal, los hechos sucedieron en diversas fechas de mayo y junio de 2021, cuando las v\u00edctimas fueron probablemente extorsionadas por un grupo de personas, entre ellas M.M.V., quienes bajo amenazas les exig\u00edan un pago en efectivo para no agredirlos y permitirles vender sus productos en inmediaciones de la ex f\u00e1brica de Triplay, ubicada en inmediaciones de la carretera a Monte Alb\u00e1n y Riberas del R\u00edo Atoyac en la ciudad de Oaxaca de Ju\u00e1rez, la cual era habilitada como mercado para que productores, vendedores independientes, comerciantes de frutas y verduras.<\/p>\n<p>Ante este hecho, la Fiscal\u00eda de Oaxaca tom\u00f3 conocimiento del caso y a trav\u00e9s de la Fiscal\u00eda Especializada para la Atenci\u00f3n a Delitos de Alto Impacto, se realizaron los trabajos ministeriales que permitieron la obtenci\u00f3n de una orden de aprehensi\u00f3n en contra de J.M.T.Z.<\/p>\n<p>Tras la detenci\u00f3n, J.M.T.Z. fue puesto a disposici\u00f3n de la autoridad que lo requiri\u00f3 para su debido proceso legal.<\/p>\n<p>La Fiscal\u00eda de Oaxaca garantiza investigaciones exhaustivas para esclarecer delitos, aplicando las herramientas legales para castigar a quien o quienes resulten responsables.<\/p>\n<p><img decoding=\"async\" class=\"alignnone size-medium wp-image-8548\" src=\"https:\/\/portal.fgeo.gob.mx\/wp-content\/uploads\/2025\/03\/BOLET%C3%8DN-1303.-Fiscal%C3%ADa-de-Oaxaca-ejecuta-orden-de-aprehensi%C3%B3n-contra-una-persona-por-el-delito-de-extorsi%C3%B3n-y-asociaci%C3%B3n-delictuosa-cometido-contra-comerciantes-en-la-regi%C3%B3n-de-los-Valles-Centrales-300x143.jpeg\" alt=\"\" width=\"300\" height=\"143\" \/><\/p>\n","protected":false},"author":2,"featured_media":8546,"comment_status":"closed","ping_status":"closed","template":"","tags":[],"categoria_noticias":[],"class_list":["post-16614","noticias","type-noticias","status-publish","has-post-thumbnail","hentry"],"acf":[],"mb":[],"mfb_rest_fields":["title","gutenberg_elementor_mode"],"_links":{"self":[{"href":"https:\/\/portal.fgeo.gob.mx\/index.php\/wp-json\/wp\/v2\/noticias\/16614","targetHints":{"allow":["GET"]}}],"collection":[{"href":"https:\/\/portal.fgeo.gob.mx\/index.php\/wp-json\/wp\/v2\/noticias"}],"about":[{"href":"https:\/\/portal.fgeo.gob.mx\/index.php\/wp-json\/wp\/v2\/types\/noticias"}],"author":[{"embeddable":true,"href":"https:\/\/portal.fgeo.gob.mx\/index.php\/wp-json\/wp\/v2\/users\/2"}],"replies":[{"embeddable":true,"href":"https:\/\/portal.fgeo.gob.mx\/index.php\/wp-json\/wp\/v2\/comments?post=16614"}],"wp:featuredmedia":[{"embeddable":true,"href":"https:\/\/portal.fgeo.gob.mx\/index.php\/wp-json\/"}],"wp:attachment":[{"href":"https:\/\/portal.fgeo.gob.mx\/index.php\/wp-json\/wp\/v2\/media?parent=16614"}],"wp:term":[{"taxonomy":"post_tag","embeddable":true,"href":"https:\/\/portal.fgeo.gob.mx\/index.php\/wp-json\/wp\/v2\/tags?post=16614"},{"taxonomy":"categoria_noticias","embeddable":true,"href":"https:\/\/portal.fgeo.gob.mx\/index.php\/wp-json\/wp\/v2\/categoria_noticias?post=16614"}],"curies":[{"name":"wp","href":"https:\/\/api.w.org\/{rel}","templated":true}]}}