{"id":16612,"date":"2025-03-07T17:08:39","date_gmt":"2025-03-07T23:08:39","guid":{"rendered":"https:\/\/fge.oaxaca.gob.mx\/?post_type=noticias&amp;p=8542"},"modified":"2025-03-07T17:08:39","modified_gmt":"2025-03-07T23:08:39","slug":"oletin-1301-fiscalia-de-oaxaca-activa-protocolos-de-investigacion-de-actuacion-policial-a-traves-de-organos-de-control-interno-luego-de-operativo-realizado-en-inmediaciones-de-la-central-de-abasto","status":"publish","type":"noticias","link":"https:\/\/portal.fgeo.gob.mx\/index.php\/archivos\/noticias\/oletin-1301-fiscalia-de-oaxaca-activa-protocolos-de-investigacion-de-actuacion-policial-a-traves-de-organos-de-control-interno-luego-de-operativo-realizado-en-inmediaciones-de-la-central-de-abasto","title":{"rendered":"OLET\u00cdN 1301.- Fiscal\u00eda de Oaxaca activa protocolos de investigaci\u00f3n de actuaci\u00f3n policial a trav\u00e9s de \u00f3rganos de control interno, luego de operativo realizado en inmediaciones de la Central de Abasto"},"content":{"rendered":"<p><strong>Oaxaca de Ju\u00e1rez, Oax., 07 de marzo de 2025.-<\/strong> \u00a0Como parte de los actos de investigaci\u00f3n que forman parte de las labores ministeriales que realiza la Fiscal\u00eda General del Estado de Oaxaca, se dio cumplimiento a un mandato judicial por el cual se realiz\u00f3 un operativo sobre la calle de prolongaci\u00f3n de Galeana, en inmediaciones de la Central de Abasto, en la ciudad de Oaxaca de Ju\u00e1rez.<\/p>\n<p>Derivado de incidentes ocurridos durante este operativo, fueron detenidas varias personas, entre ellas un periodista, quienes quedaron en libertad luego de corroborar su no participaci\u00f3n en los hechos.<\/p>\n<p>En tanto, la Fiscal\u00eda General del Estado de Oaxaca, a trav\u00e9s de los \u00f3rganos internos de control, verificar\u00e1 la correcta actuaci\u00f3n de los elementos que participaron en el operativo.<\/p>\n<p>La Fiscal\u00eda General del Estado de Oaxaca enfatiza su compromiso de llevar a cabo acciones apegadas a la Ley y en pleno respeto de los Derechos Humanos, as\u00ed como la libertad de expresi\u00f3n, por lo que reiteramos nuestro compromiso para esclarecer cualquier situaci\u00f3n y brindar acompa\u00f1amiento integral a quien resulte afectado.<\/p>\n<p>&nbsp;<\/p>\n<p>&nbsp;<\/p>\n","protected":false},"author":2,"featured_media":8492,"comment_status":"closed","ping_status":"closed","template":"","tags":[],"categoria_noticias":[],"class_list":["post-16612","noticias","type-noticias","status-publish","has-post-thumbnail","hentry"],"acf":[],"mb":[],"mfb_rest_fields":["title","gutenberg_elementor_mode"],"_links":{"self":[{"href":"https:\/\/portal.fgeo.gob.mx\/index.php\/wp-json\/wp\/v2\/noticias\/16612","targetHints":{"allow":["GET"]}}],"collection":[{"href":"https:\/\/portal.fgeo.gob.mx\/index.php\/wp-json\/wp\/v2\/noticias"}],"about":[{"href":"https:\/\/portal.fgeo.gob.mx\/index.php\/wp-json\/wp\/v2\/types\/noticias"}],"author":[{"embeddable":true,"href":"https:\/\/portal.fgeo.gob.mx\/index.php\/wp-json\/wp\/v2\/users\/2"}],"replies":[{"embeddable":true,"href":"https:\/\/portal.fgeo.gob.mx\/index.php\/wp-json\/wp\/v2\/comments?post=16612"}],"wp:featuredmedia":[{"embeddable":true,"href":"https:\/\/portal.fgeo.gob.mx\/index.php\/wp-json\/"}],"wp:attachment":[{"href":"https:\/\/portal.fgeo.gob.mx\/index.php\/wp-json\/wp\/v2\/media?parent=16612"}],"wp:term":[{"taxonomy":"post_tag","embeddable":true,"href":"https:\/\/portal.fgeo.gob.mx\/index.php\/wp-json\/wp\/v2\/tags?post=16612"},{"taxonomy":"categoria_noticias","embeddable":true,"href":"https:\/\/portal.fgeo.gob.mx\/index.php\/wp-json\/wp\/v2\/categoria_noticias?post=16612"}],"curies":[{"name":"wp","href":"https:\/\/api.w.org\/{rel}","templated":true}]}}