{"id":16610,"date":"2025-03-07T11:02:53","date_gmt":"2025-03-07T17:02:53","guid":{"rendered":"https:\/\/fge.oaxaca.gob.mx\/?post_type=noticias&amp;p=8537"},"modified":"2025-03-07T11:02:53","modified_gmt":"2025-03-07T17:02:53","slug":"boletin-1299-fgeo-logra-vinculacion-a-proceso-contra-dos-personas-por-homicidio-calificado-en-agravio-de-un-militar-cometido-en-putla","status":"publish","type":"noticias","link":"https:\/\/portal.fgeo.gob.mx\/index.php\/archivos\/noticias\/boletin-1299-fgeo-logra-vinculacion-a-proceso-contra-dos-personas-por-homicidio-calificado-en-agravio-de-un-militar-cometido-en-putla","title":{"rendered":"BOLET\u00cdN 1,299.- FGEO logra vinculaci\u00f3n a proceso contra dos personas por homicidio calificado en agravio de un militar cometido en Putla"},"content":{"rendered":"<p><strong>Oaxaca de Ju\u00e1rez, Oax., a 07 de marzo de 2025<\/strong>.- La Fiscal\u00eda General del Estado de Oaxaca (FGEO) logr\u00f3 la vinculaci\u00f3n a proceso contra dos personas una del sexo masculino identificada como G.P.A. y una mujer identificada como F.P.G., por el delito de homicidio calificado con ventaja, hechos ocurridos en la regi\u00f3n de la Sierra Sur.<\/p>\n<p>De acuerdo con la carpeta de investigaci\u00f3n, los hechos ocurrieron en diciembre de 2024, cuando la v\u00edctima identificada como G.C.E.\u00a0 -quien era militar- se encontraba en Putla Villa de Guerrero, donde fue agredido con disparos de arma de fuego y perdi\u00f3 la vida.<\/p>\n<p>Al tener conocimiento del caso, la FGEO inici\u00f3 las investigaciones correspondientes a trav\u00e9s de la Vicefiscal\u00eda Regional de la Mixteca, lo que permiti\u00f3 obtener las pruebas suficientes para que fuera otorgada, y posteriormente ejecutada, la orden de aprehensi\u00f3n en contra de G.P.A y F.P.G.\u00a0 por el delito de homicidio calificado con ventaja, quienes fueron puestos a disposici\u00f3n de la autoridad correspondiente para que se determine su situaci\u00f3n jur\u00eddica.<\/p>\n<p>Tras valorar las pruebas presentadas por la FGEO, el Juez que atiende la causa determin\u00f3 la vinculaci\u00f3n a proceso en contra de un hombre identificado como G.P.A. y una mujer identificada como F.P.G, por el delito de homicidio calificado con ventaja, adem\u00e1s de dictar la medida cautelar de prisi\u00f3n preventiva y otorgar dos meses para el cierre de la investigaci\u00f3n.<\/p>\n<p>La Fiscal\u00eda de Oaxaca realiza investigaciones integrales y multidisciplinarias para esclarecer los delitos de alto impacto, esto con el objetivo de presentar ante la justicia a quien o quienes resulten responsables y garantizar un adecuado acceso a la procuraci\u00f3n de justicia a las v\u00edctimas.<\/p>\n<p><img fetchpriority=\"high\" decoding=\"async\" class=\"size-medium wp-image-8538\" src=\"https:\/\/portal.fgeo.gob.mx\/wp-content\/uploads\/2025\/03\/Dise%C3%B1o-sin-t%C3%ADtulo-1-5-256x300.jpg\" alt=\"\" width=\"256\" height=\"300\" \/><\/p>\n<p><img decoding=\"async\" class=\"size-medium wp-image-8539\" src=\"https:\/\/portal.fgeo.gob.mx\/wp-content\/uploads\/2025\/03\/Dise%C3%B1o-sin-t%C3%ADtulo-9-300x275.jpg\" alt=\"\" width=\"300\" height=\"275\" \/><\/p>\n","protected":false},"author":2,"featured_media":0,"comment_status":"closed","ping_status":"closed","template":"","tags":[],"categoria_noticias":[],"class_list":["post-16610","noticias","type-noticias","status-publish","hentry"],"acf":[],"mb":[],"mfb_rest_fields":["title","gutenberg_elementor_mode"],"_links":{"self":[{"href":"https:\/\/portal.fgeo.gob.mx\/index.php\/wp-json\/wp\/v2\/noticias\/16610","targetHints":{"allow":["GET"]}}],"collection":[{"href":"https:\/\/portal.fgeo.gob.mx\/index.php\/wp-json\/wp\/v2\/noticias"}],"about":[{"href":"https:\/\/portal.fgeo.gob.mx\/index.php\/wp-json\/wp\/v2\/types\/noticias"}],"author":[{"embeddable":true,"href":"https:\/\/portal.fgeo.gob.mx\/index.php\/wp-json\/wp\/v2\/users\/2"}],"replies":[{"embeddable":true,"href":"https:\/\/portal.fgeo.gob.mx\/index.php\/wp-json\/wp\/v2\/comments?post=16610"}],"wp:attachment":[{"href":"https:\/\/portal.fgeo.gob.mx\/index.php\/wp-json\/wp\/v2\/media?parent=16610"}],"wp:term":[{"taxonomy":"post_tag","embeddable":true,"href":"https:\/\/portal.fgeo.gob.mx\/index.php\/wp-json\/wp\/v2\/tags?post=16610"},{"taxonomy":"categoria_noticias","embeddable":true,"href":"https:\/\/portal.fgeo.gob.mx\/index.php\/wp-json\/wp\/v2\/categoria_noticias?post=16610"}],"curies":[{"name":"wp","href":"https:\/\/api.w.org\/{rel}","templated":true}]}}