{"id":16607,"date":"2025-03-06T13:43:18","date_gmt":"2025-03-06T19:43:18","guid":{"rendered":"https:\/\/fge.oaxaca.gob.mx\/?post_type=noticias&amp;p=8531"},"modified":"2025-03-06T13:43:18","modified_gmt":"2025-03-06T19:43:18","slug":"boletin-1296-obtiene-fgeo-vinculacion-a-proceso-y-prision-contra-dos-personas-por-homicidio-cometido-en-la-region-de-la-costa","status":"publish","type":"noticias","link":"https:\/\/portal.fgeo.gob.mx\/index.php\/archivos\/noticias\/boletin-1296-obtiene-fgeo-vinculacion-a-proceso-y-prision-contra-dos-personas-por-homicidio-cometido-en-la-region-de-la-costa","title":{"rendered":"BOLET\u00cdN 1,296.- Obtiene FGEO vinculaci\u00f3n a proceso y prisi\u00f3n contra dos personas por homicidio cometido en la regi\u00f3n de la Costa"},"content":{"rendered":"<p><strong>Oaxaca de Ju\u00e1rez, Oax., a 06 de marzo de 2025<\/strong>.- La Fiscal\u00eda General del Estado de Oaxaca (FGEO) obtuvo la vinculaci\u00f3n a proceso y prisi\u00f3n preventiva contra dos personas del sexo masculino identificados como G.R.S. y J.P.G.G., imputados por el delito de homicidio calificado con ventaja en agravio de J.B.P.G., ocurrido en la regi\u00f3n de la Costa.<\/p>\n<p>Conforme a lo establecido en el expediente penal, el homicidio ocurri\u00f3 el 8 de enero de 2025, cuando la v\u00edctima fue citada al Puente San Juan del distrito de San Pedro Pochutla, lugar donde lo atacaron con disparos de arma de fuego, provoc\u00e1ndole lesiones que lo privaron de la vida.<\/p>\n<p>Ante estos hechos, la Fiscal\u00eda General del Estado de Oaxaca, a trav\u00e9s de la Vicefiscal\u00eda Regional de la Costa, realiz\u00f3 las investigaciones correspondientes, lo que permiti\u00f3 la aprehensi\u00f3n legal de G.R.S y J.P.G.G., por el delito de homicidio calificado con ventaja.<\/p>\n<p>Ambos imputados fueron detenidos en diferentes momentos, por elementos de la Fiscal\u00eda Especializada para la Atenci\u00f3n de Delitos de Alto Impacto de la FGEO que los pusieron disposici\u00f3n del Ministerio P\u00fablico.<\/p>\n<p>Tras las audiencias, el juez que atiende la causa valor\u00f3 las pruebas aportadas por la FGEO y derivado de los resultados, dict\u00f3 auto de vinculaci\u00f3n a proceso en contra de G.R.S y J.P.G.G por el delito de homicidio calificado con ventaja, adem\u00e1s de imponer la medida cautelar de prisi\u00f3n preventiva oficiosa, en tanto, otorg\u00f3 tres meses para el cierre de la investigaci\u00f3n complementaria.<\/p>\n<p>La Fiscal\u00eda General garantiza investigaciones exhaustivas para esclarecer delitos, aplicando las herramientas legales para castigar a quien o quienes resulten responsables.<\/p>\n<p><img fetchpriority=\"high\" decoding=\"async\" class=\"size-medium wp-image-8532\" src=\"https:\/\/portal.fgeo.gob.mx\/wp-content\/uploads\/2025\/03\/Dise%C3%B1o-sin-t%C3%ADtulo-1-4-288x300.jpg\" alt=\"\" width=\"288\" height=\"300\" \/><\/p>\n<p><img decoding=\"async\" class=\"size-medium wp-image-8533\" src=\"https:\/\/portal.fgeo.gob.mx\/wp-content\/uploads\/2025\/03\/Dise%C3%B1o-sin-t%C3%ADtulo-7-210x300.jpg\" alt=\"\" width=\"210\" height=\"300\" \/><\/p>\n","protected":false},"author":2,"featured_media":8492,"comment_status":"closed","ping_status":"closed","template":"","tags":[],"categoria_noticias":[],"class_list":["post-16607","noticias","type-noticias","status-publish","has-post-thumbnail","hentry"],"acf":[],"mb":[],"mfb_rest_fields":["title","gutenberg_elementor_mode"],"_links":{"self":[{"href":"https:\/\/portal.fgeo.gob.mx\/index.php\/wp-json\/wp\/v2\/noticias\/16607","targetHints":{"allow":["GET"]}}],"collection":[{"href":"https:\/\/portal.fgeo.gob.mx\/index.php\/wp-json\/wp\/v2\/noticias"}],"about":[{"href":"https:\/\/portal.fgeo.gob.mx\/index.php\/wp-json\/wp\/v2\/types\/noticias"}],"author":[{"embeddable":true,"href":"https:\/\/portal.fgeo.gob.mx\/index.php\/wp-json\/wp\/v2\/users\/2"}],"replies":[{"embeddable":true,"href":"https:\/\/portal.fgeo.gob.mx\/index.php\/wp-json\/wp\/v2\/comments?post=16607"}],"wp:featuredmedia":[{"embeddable":true,"href":"https:\/\/portal.fgeo.gob.mx\/index.php\/wp-json\/"}],"wp:attachment":[{"href":"https:\/\/portal.fgeo.gob.mx\/index.php\/wp-json\/wp\/v2\/media?parent=16607"}],"wp:term":[{"taxonomy":"post_tag","embeddable":true,"href":"https:\/\/portal.fgeo.gob.mx\/index.php\/wp-json\/wp\/v2\/tags?post=16607"},{"taxonomy":"categoria_noticias","embeddable":true,"href":"https:\/\/portal.fgeo.gob.mx\/index.php\/wp-json\/wp\/v2\/categoria_noticias?post=16607"}],"curies":[{"name":"wp","href":"https:\/\/api.w.org\/{rel}","templated":true}]}}