{"id":16606,"date":"2025-03-06T13:07:37","date_gmt":"2025-03-06T19:07:37","guid":{"rendered":"https:\/\/fge.oaxaca.gob.mx\/?post_type=noticias&amp;p=8527"},"modified":"2025-03-06T13:07:37","modified_gmt":"2025-03-06T19:07:37","slug":"boletin-1295-fgeo-investiga-posible-involucramiento-de-policias-municipales-en-caso-de-no-localizacion-de-personas-originarias-de-tlaxcala","status":"publish","type":"noticias","link":"https:\/\/portal.fgeo.gob.mx\/index.php\/archivos\/noticias\/boletin-1295-fgeo-investiga-posible-involucramiento-de-policias-municipales-en-caso-de-no-localizacion-de-personas-originarias-de-tlaxcala","title":{"rendered":"BOLET\u00cdN 1,295.- FGEO investiga posible involucramiento de polic\u00edas municipales en caso de No Localizaci\u00f3n de personas originarias de Tlaxcala"},"content":{"rendered":"<p><em>\u00a0<\/em><\/p>\n<ul>\n<li>Se realizan trabajos de colaboraci\u00f3n con la Fiscal\u00eda de Puebla y Fiscal\u00eda de Tlaxcala, derivado de los resultados de las indagatorias ministeriales<\/li>\n<\/ul>\n<p><strong>Oaxaca de Ju\u00e1rez, Oax., 06 de marzo de 2025.-<\/strong> Derivado de los trabajos de inteligencia criminal y an\u00e1lisis de contexto, la Fiscal\u00eda General del Estado de Oaxaca investiga si existe alg\u00fan nivel de involucramiento de elementos de polic\u00edas municipales en el caso de cuatro personas reportadas como No Localizadas, originarias de Tlaxcala, quienes fueron vistas por \u00faltima vez en la regi\u00f3n de la Costa<\/p>\n<p>Tras recibir dos denuncias por la No localizaci\u00f3n de cuatro personas originarias del estado de Tlaxcala, la Fiscal\u00eda de Oaxaca inici\u00f3 las investigaciones por el delito de desaparici\u00f3n cometida por particulares.<\/p>\n<p>Adem\u00e1s, por las caracter\u00edsticas particulares del caso se estableci\u00f3 una estrecha y continua colaboraci\u00f3n con las Fiscal\u00edas de Puebla y Tlaxcala, as\u00ed como con la Comisi\u00f3n Estatal de B\u00fasqueda del Estado de Oaxaca.<\/p>\n<p>Derivado de los trabajos de inteligencia criminal, la Fiscal\u00eda de Oaxaca realiza las labores de b\u00fasqueda y localizaci\u00f3n a trav\u00e9s de equipos multidisciplinarios con \u00e1reas estrat\u00e9gicas para cubrir todas las l\u00edneas de investigaci\u00f3n, lo que ha permitido obtener datos que sugieren que el hecho podr\u00eda relacionarse con una disputa entre c\u00e9lulas delictivas.<\/p>\n<p>Con el objetivo de garantizar a las v\u00edctimas directas e indirectas un adecuado proceso de procuraci\u00f3n de justicia que les permita conocer la verdad de lo ocurrido, la FGEO lleva a cabo los trabajos ministeriales para saber si existe alg\u00fan nivel de involucramiento de elementos de las polic\u00edas municipales, perfilando l\u00edneas de investigaci\u00f3n encaminadas a garantizar que no haya impunidad y brindar certeza respecto a los hechos.<\/p>\n<p>De acuerdo con las denuncias recibidas, Angie Lizeth P\u00e9rez Garc\u00eda y Brenda Mariel Salas Moya fueron vistas por \u00faltima vez el 27 de febrero de 2025, en Santa Mar\u00eda Huatulco. Viajaban a bordo de un veh\u00edculo Ford Fiesta de 2016, con placas de circulaci\u00f3n del Estado de Yucat\u00e1n.<\/p>\n<p>Mientras que, Ra\u00fal Emmanuel Gonz\u00e1lez Lozano y Noem\u00ed Yamileth L\u00f3pez Moratilla, fueron vistos por \u00faltima vez el 28 de febrero de 2025, en la playa de Zipolite, en San Pedro Pochutla.<\/p>\n<p>La actuaci\u00f3n oportuna y la inmediata activaci\u00f3n de protocolos de b\u00fasqueda, fue posible dar con el paradero con vida de Brenda Mariel Salas Moya, quien fue localizada en el Estado de Puebla.<\/p>\n<p>La Fiscal\u00eda General del Estado de Oaxaca est\u00e1 comprometida con realizar todas las acciones necesarias y colaborar activamente con \u00f3rganos de seguridad y procuraci\u00f3n de justicia federales y estatales para garantizar a las v\u00edctimas directas e indirectas de este caso un adecuado acceso a la procuraci\u00f3n de justicia, por ello, sigue todas las l\u00edneas de investigaci\u00f3n con el objetivo de dar con el paradero de las v\u00edctimas.<\/p>\n<p><img fetchpriority=\"high\" decoding=\"async\" class=\"alignnone size-medium wp-image-8528\" src=\"https:\/\/portal.fgeo.gob.mx\/wp-content\/uploads\/2025\/03\/BOLET%C3%8DN-1295.-FGEO-investiga-posible-involucramiento-de-polic%C3%ADas-municipales-en-caso-de-No-Localizaci%C3%B3n-de-personas-originarias-de-Tlaxcala3-182x300.jpeg\" alt=\"\" width=\"182\" height=\"300\" \/> <img decoding=\"async\" class=\"alignnone size-medium wp-image-8529\" src=\"https:\/\/portal.fgeo.gob.mx\/wp-content\/uploads\/2025\/03\/BOLET%C3%8DN-1295.-FGEO-investiga-posible-involucramiento-de-polic%C3%ADas-municipales-en-caso-de-No-Localizaci%C3%B3n-de-personas-originarias-de-Tlaxcala2-182x300.jpeg\" alt=\"\" width=\"182\" height=\"300\" \/> <img decoding=\"async\" class=\"alignnone size-medium wp-image-8530\" src=\"https:\/\/portal.fgeo.gob.mx\/wp-content\/uploads\/2025\/03\/BOLET%C3%8DN-1295.-FGEO-investiga-posible-involucramiento-de-polic%C3%ADas-municipales-en-caso-de-No-Localizaci%C3%B3n-de-personas-originarias-de-Tlaxcala-182x300.jpeg\" alt=\"\" width=\"182\" height=\"300\" \/><\/p>\n","protected":false},"author":2,"featured_media":8492,"comment_status":"closed","ping_status":"closed","template":"","tags":[],"categoria_noticias":[],"class_list":["post-16606","noticias","type-noticias","status-publish","has-post-thumbnail","hentry"],"acf":[],"mb":[],"mfb_rest_fields":["title","gutenberg_elementor_mode"],"_links":{"self":[{"href":"https:\/\/portal.fgeo.gob.mx\/index.php\/wp-json\/wp\/v2\/noticias\/16606","targetHints":{"allow":["GET"]}}],"collection":[{"href":"https:\/\/portal.fgeo.gob.mx\/index.php\/wp-json\/wp\/v2\/noticias"}],"about":[{"href":"https:\/\/portal.fgeo.gob.mx\/index.php\/wp-json\/wp\/v2\/types\/noticias"}],"author":[{"embeddable":true,"href":"https:\/\/portal.fgeo.gob.mx\/index.php\/wp-json\/wp\/v2\/users\/2"}],"replies":[{"embeddable":true,"href":"https:\/\/portal.fgeo.gob.mx\/index.php\/wp-json\/wp\/v2\/comments?post=16606"}],"wp:featuredmedia":[{"embeddable":true,"href":"https:\/\/portal.fgeo.gob.mx\/index.php\/wp-json\/"}],"wp:attachment":[{"href":"https:\/\/portal.fgeo.gob.mx\/index.php\/wp-json\/wp\/v2\/media?parent=16606"}],"wp:term":[{"taxonomy":"post_tag","embeddable":true,"href":"https:\/\/portal.fgeo.gob.mx\/index.php\/wp-json\/wp\/v2\/tags?post=16606"},{"taxonomy":"categoria_noticias","embeddable":true,"href":"https:\/\/portal.fgeo.gob.mx\/index.php\/wp-json\/wp\/v2\/categoria_noticias?post=16606"}],"curies":[{"name":"wp","href":"https:\/\/api.w.org\/{rel}","templated":true}]}}