{"id":16603,"date":"2025-03-05T09:42:03","date_gmt":"2025-03-05T15:42:03","guid":{"rendered":"https:\/\/fge.oaxaca.gob.mx\/?post_type=noticias&amp;p=8517"},"modified":"2025-03-05T09:42:03","modified_gmt":"2025-03-05T15:42:03","slug":"boletin-1292-fgeo-obtiene-vinculacion-a-proceso-contra-dos-personas-por-homicidio-cometido-en-la-capital-de-oaxaca","status":"publish","type":"noticias","link":"https:\/\/portal.fgeo.gob.mx\/index.php\/archivos\/noticias\/boletin-1292-fgeo-obtiene-vinculacion-a-proceso-contra-dos-personas-por-homicidio-cometido-en-la-capital-de-oaxaca","title":{"rendered":"BOLET\u00cdN 1,292.- FGEO obtiene vinculaci\u00f3n a proceso contra dos personas por homicidio cometido en la Capital de Oaxaca"},"content":{"rendered":"<p><strong>Oaxaca de Ju\u00e1rez, Oax., a 05 de marzo de 2025<\/strong>.- La Fiscal\u00eda General del Estado de Oaxaca (FGEO) obtuvo la vinculaci\u00f3n a proceso contra dos personas del sexo masculino identificadas como J. C. C. alias \u201cEl Negro\u201d, y E.P.M.G. alias \u201cEl Mara\u201d, por el delito de homicidio calificado con ventaja, hechos ocurridos en la regi\u00f3n de Valles Centrales.<\/p>\n<p>De acuerdo con la carpeta de investigaci\u00f3n, los hechos ocurrieron en diciembre de 2023 cuando la v\u00edctima, una persona del sexo masculino identificada como J.D.C.L., se encontraba en un negocio ubicado en San Juan Chapultepec, perteneciente al municipio de Oaxaca de Ju\u00e1rez, cuando fue agredido con disparos de arma de fuego, por lo que a ra\u00edz de las lesiones que sufri\u00f3 perdi\u00f3 la vida.<\/p>\n<p>Al tener conocimiento del caso y recibir la denuncia correspondiente, la FGEO inici\u00f3 las investigaciones correspondientes a trav\u00e9s de la Fiscal\u00eda Especializada en Delitos de Alto Impacto, lo que permiti\u00f3 la detenci\u00f3n de dos personas del sexo masculino identificadas como J. C. C., alias \u201cEl Negro\u201d, y E.P.M.G., alias \u201cEl Mara\u201d, quienes fueron puestos a disposici\u00f3n de la autoridad para que se determine su situaci\u00f3n jur\u00eddica.<\/p>\n<p>Tras las audiencias, el Juez que atiende la causa, valor\u00f3 las pruebas aportadas por la FGEO y dict\u00f3 auto de vinculaci\u00f3n a proceso a dos personas del sexo masculino identificadas como J. C. C., alias \u201cEl Negro\u201d, y E.P.M.G., alias \u201cEl Mara\u201d, por el delito de homicidio calificado con ventaja e impuso la medida cautelar de prisi\u00f3n preventiva, adem\u00e1s de otorgar tres meses para el cierre de la investigaci\u00f3n.<\/p>\n<p>La Fiscal\u00eda de Oaxaca realiza investigaciones integrales y multidisciplinarias para esclarecer los delitos de alto impacto, esto con el objetivo de presentar ante la justicia a quien o quienes resulten responsables y garantizar un adecuado acceso a la procuraci\u00f3n de justicia a las v\u00edctimas.<img decoding=\"async\" class=\"alignnone size-medium wp-image-8518\" src=\"https:\/\/portal.fgeo.gob.mx\/wp-content\/uploads\/2025\/03\/Dise%C3%B1o-sin-t%C3%ADtulo-1-3-300x149.jpg\" alt=\"\" width=\"300\" height=\"149\" \/> <img decoding=\"async\" class=\"alignnone size-medium wp-image-8519\" src=\"https:\/\/portal.fgeo.gob.mx\/wp-content\/uploads\/2025\/03\/Dise%C3%B1o-sin-t%C3%ADtulo-6-300x160.jpg\" alt=\"\" width=\"300\" height=\"160\" \/><\/p>\n","protected":false},"author":2,"featured_media":8492,"comment_status":"closed","ping_status":"closed","template":"","tags":[],"categoria_noticias":[],"class_list":["post-16603","noticias","type-noticias","status-publish","has-post-thumbnail","hentry"],"acf":[],"mb":[],"mfb_rest_fields":["title","gutenberg_elementor_mode"],"_links":{"self":[{"href":"https:\/\/portal.fgeo.gob.mx\/index.php\/wp-json\/wp\/v2\/noticias\/16603","targetHints":{"allow":["GET"]}}],"collection":[{"href":"https:\/\/portal.fgeo.gob.mx\/index.php\/wp-json\/wp\/v2\/noticias"}],"about":[{"href":"https:\/\/portal.fgeo.gob.mx\/index.php\/wp-json\/wp\/v2\/types\/noticias"}],"author":[{"embeddable":true,"href":"https:\/\/portal.fgeo.gob.mx\/index.php\/wp-json\/wp\/v2\/users\/2"}],"replies":[{"embeddable":true,"href":"https:\/\/portal.fgeo.gob.mx\/index.php\/wp-json\/wp\/v2\/comments?post=16603"}],"wp:featuredmedia":[{"embeddable":true,"href":"https:\/\/portal.fgeo.gob.mx\/index.php\/wp-json\/"}],"wp:attachment":[{"href":"https:\/\/portal.fgeo.gob.mx\/index.php\/wp-json\/wp\/v2\/media?parent=16603"}],"wp:term":[{"taxonomy":"post_tag","embeddable":true,"href":"https:\/\/portal.fgeo.gob.mx\/index.php\/wp-json\/wp\/v2\/tags?post=16603"},{"taxonomy":"categoria_noticias","embeddable":true,"href":"https:\/\/portal.fgeo.gob.mx\/index.php\/wp-json\/wp\/v2\/categoria_noticias?post=16603"}],"curies":[{"name":"wp","href":"https:\/\/api.w.org\/{rel}","templated":true}]}}