{"id":16602,"date":"2025-03-04T14:28:54","date_gmt":"2025-03-04T20:28:54","guid":{"rendered":"https:\/\/fge.oaxaca.gob.mx\/?post_type=noticias&amp;p=8514"},"modified":"2025-03-04T14:28:54","modified_gmt":"2025-03-04T20:28:54","slug":"boletin-1291-obtiene-fgeo-vinculacion-a-proceso-y-prision-contra-dos-imputados-por-robo-a-casa-habitacion-ocurrido-en-el-valle-de-etla","status":"publish","type":"noticias","link":"https:\/\/portal.fgeo.gob.mx\/index.php\/archivos\/noticias\/boletin-1291-obtiene-fgeo-vinculacion-a-proceso-y-prision-contra-dos-imputados-por-robo-a-casa-habitacion-ocurrido-en-el-valle-de-etla","title":{"rendered":"BOLET\u00cdN 1,291.- Obtiene FGEO vinculaci\u00f3n a proceso y prisi\u00f3n contra dos imputados por robo a casa habitaci\u00f3n ocurrido en el Valle de Etla"},"content":{"rendered":"<p><strong>Oaxaca de Ju\u00e1rez, Oax., a 04 de marzo de 2025<\/strong>.- La Fiscal\u00eda General del Estado de Oaxaca (FGEO) obtuvo auto de Vinculaci\u00f3n a Proceso y prisi\u00f3n preventiva en contra de dos personas del sexo masculino identificados como C.M.V. y C.M.L., por el delito de Robo a Casa Habitaci\u00f3n en perjuicio patrimonial de C.D.M., ocurrido en la regi\u00f3n de los Valles Centrales.<\/p>\n<p>&nbsp;<\/p>\n<p>Conforme a lo establecido en el expediente penal, los hechos ocurrieron el 04 de febrero de 2025, cuando los imputados ingresaron de manera ilegal a un domicilio ubicado en la agencia de San Miguel perteneciente al municipio de San Juan Bautista Guelache en el Valle de Etla.<\/p>\n<p>&nbsp;<\/p>\n<p>La investigaci\u00f3n detalla que, de ese domicilio los imputados sustrajeron varios objetos de valor, causando un perjuicio econ\u00f3mico y patrimonial a la v\u00edctima.<\/p>\n<p>&nbsp;<\/p>\n<p>Una vez interpuesta la denuncia, la Fiscal\u00eda de Oaxaca a trav\u00e9s de la Vicefiscal\u00eda Regional de Valles Centrales, despleg\u00f3 un equipo multidisciplinario al lugar de los hechos para realizar las investigaciones ministeriales correspondientes, logrando obtener pruebas necesarias para la liberaci\u00f3n de una orden de aprehensi\u00f3n y posteriormente realizar la detenci\u00f3n de C.M.V. y C.M.L., quienes fueron presentados ante la autoridad que los requiri\u00f3, misma que les comunic\u00f3 imputaci\u00f3n.<\/p>\n<p>&nbsp;<\/p>\n<p>Tras las respectivas audiencias, el Juez que atiende la causa, valor\u00f3 las pruebas aportadas por la FGEO y dict\u00f3 vinculaci\u00f3n a proceso contra C.M.V. y C.M.L., por el delito de Robo a Casa Habitaci\u00f3n e impuso la medida cautelar de prisi\u00f3n preventiva otorgando dos meses para el cierre de la investigaci\u00f3n complementaria.<\/p>\n<p>&nbsp;<\/p>\n<p>La Fiscal\u00eda General de Oaxaca realiza investigaciones exhaustivas para dar con quien o quienes resulten responsables, present\u00e1ndolos ante la justicia y aplicando todo el rigor de la Ley.<\/p>\n<figure id=\"attachment_8515\" aria-describedby=\"caption-attachment-8515\" style=\"width: 250px\" class=\"wp-caption alignnone\"><img fetchpriority=\"high\" decoding=\"async\" class=\"size-medium wp-image-8515\" src=\"https:\/\/portal.fgeo.gob.mx\/wp-content\/uploads\/2025\/03\/Dise%C3%B1o-sin-t%C3%ADtulo-5-250x300.jpg\" alt=\"\" width=\"250\" height=\"300\" \/><figcaption id=\"caption-attachment-8515\" class=\"wp-caption-text\">Dise\u00f1o sin t\u00edtulo &#8211; 1<\/figcaption><\/figure>\n<p><img decoding=\"async\" class=\"alignnone size-medium wp-image-8516\" src=\"https:\/\/portal.fgeo.gob.mx\/wp-content\/uploads\/2025\/03\/Dise%C3%B1o-sin-t%C3%ADtulo-1-2-225x300.jpg\" alt=\"\" width=\"225\" height=\"300\" \/><\/p>\n<p>&nbsp;<\/p>\n","protected":false},"author":2,"featured_media":8492,"comment_status":"closed","ping_status":"closed","template":"","tags":[],"categoria_noticias":[],"class_list":["post-16602","noticias","type-noticias","status-publish","has-post-thumbnail","hentry"],"acf":[],"mb":[],"mfb_rest_fields":["title","gutenberg_elementor_mode"],"_links":{"self":[{"href":"https:\/\/portal.fgeo.gob.mx\/index.php\/wp-json\/wp\/v2\/noticias\/16602","targetHints":{"allow":["GET"]}}],"collection":[{"href":"https:\/\/portal.fgeo.gob.mx\/index.php\/wp-json\/wp\/v2\/noticias"}],"about":[{"href":"https:\/\/portal.fgeo.gob.mx\/index.php\/wp-json\/wp\/v2\/types\/noticias"}],"author":[{"embeddable":true,"href":"https:\/\/portal.fgeo.gob.mx\/index.php\/wp-json\/wp\/v2\/users\/2"}],"replies":[{"embeddable":true,"href":"https:\/\/portal.fgeo.gob.mx\/index.php\/wp-json\/wp\/v2\/comments?post=16602"}],"wp:featuredmedia":[{"embeddable":true,"href":"https:\/\/portal.fgeo.gob.mx\/index.php\/wp-json\/"}],"wp:attachment":[{"href":"https:\/\/portal.fgeo.gob.mx\/index.php\/wp-json\/wp\/v2\/media?parent=16602"}],"wp:term":[{"taxonomy":"post_tag","embeddable":true,"href":"https:\/\/portal.fgeo.gob.mx\/index.php\/wp-json\/wp\/v2\/tags?post=16602"},{"taxonomy":"categoria_noticias","embeddable":true,"href":"https:\/\/portal.fgeo.gob.mx\/index.php\/wp-json\/wp\/v2\/categoria_noticias?post=16602"}],"curies":[{"name":"wp","href":"https:\/\/api.w.org\/{rel}","templated":true}]}}