{"id":16600,"date":"2025-03-03T15:01:10","date_gmt":"2025-03-03T21:01:10","guid":{"rendered":"https:\/\/fge.oaxaca.gob.mx\/?post_type=noticias&amp;p=8506"},"modified":"2025-03-03T15:01:10","modified_gmt":"2025-03-03T21:01:10","slug":"boletin-1289-fgeo-obtiene-vinculacion-a-proceso-y-prision-contra-tres-personas-por-robos-cometidos-en-el-centro-historico-de-oaxaca-de-juarez","status":"publish","type":"noticias","link":"https:\/\/portal.fgeo.gob.mx\/index.php\/archivos\/noticias\/boletin-1289-fgeo-obtiene-vinculacion-a-proceso-y-prision-contra-tres-personas-por-robos-cometidos-en-el-centro-historico-de-oaxaca-de-juarez","title":{"rendered":"BOLET\u00cdN 1,289.- FGEO obtiene vinculaci\u00f3n a proceso y prisi\u00f3n contra tres personas por robos cometidos en el Centro Hist\u00f3rico de Oaxaca de Ju\u00e1rez"},"content":{"rendered":"<p>* De acuerdo con el expediente penal del caso, aplicaba la \u201cllave China\u201d para someter a las v\u00edctimas<\/p>\n<p><strong>Oaxaca de Ju\u00e1rez, Oax., a 03 de marzo de 2025<\/strong>.- Derivado de los trabajos de investigaci\u00f3n e inteligencia criminal, la Fiscal\u00eda General del Estado de Oaxaca (FGEO) obtuvo la vinculaci\u00f3n a proceso de tres personas del sexo masculino por el delito de robo calificado con violencia f\u00edsica y moral, hechos ocurridos en los Valles Centrales.<\/p>\n<p>De acuerdo con lo establecido en el expediente penal, los hechos ocurrieron el 11 de febrero de 2025, cuando la v\u00edctima caminaba por calles del Centro Hist\u00f3rico de la ciudad de Oaxaca de Ju\u00e1rez, cuando fue agredido f\u00edsicamente a quien le aplicaron una \u201cllave china\u201d para que posteriormente despojarlo de un equipo de telefon\u00eda celular, as\u00ed como de dinero en efectivo.<\/p>\n<p>Tras estos hechos, la Fiscal\u00eda de Oaxaca inici\u00f3 la investigaci\u00f3n correspondiente a trav\u00e9s de la Vicefiscal\u00eda de Valles Centrales, que present\u00f3 ante el Juez a tres personas del sexo masculino identificadas como K.O.C.V., J.S.I., y A.R.J.J., a quienes dict\u00f3 auto de vinculaci\u00f3n a proceso en su contra por el delito de robo calificado con violencia f\u00edsica y moral, adem\u00e1s dict\u00f3 la medida de prisi\u00f3n preventiva, adem\u00e1s de otorgar un mes para el cierre de la investigaci\u00f3n complementaria.<\/p>\n<p>La Fiscal\u00eda de Oaxaca realiza trabajos de investigaci\u00f3n con estricto apego a la ley, para que los resultados de las labores de procuraci\u00f3n de justicia permitan mantener la paz social en beneficio de la ciudadan\u00eda, especialmente en casos relacionados con da\u00f1o a su patrimonio.<\/p>\n<p><img fetchpriority=\"high\" decoding=\"async\" class=\"size-medium wp-image-8507\" src=\"https:\/\/portal.fgeo.gob.mx\/wp-content\/uploads\/2025\/03\/Dise%C3%B1o-sin-t%C3%ADtulo-2-284x300.jpg\" alt=\"\" width=\"284\" height=\"300\" \/><\/p>\n<p><img decoding=\"async\" class=\"size-medium wp-image-8508\" src=\"https:\/\/portal.fgeo.gob.mx\/wp-content\/uploads\/2025\/03\/Dise%C3%B1o-sin-t%C3%ADtulo-1-1-300x259.jpg\" alt=\"\" width=\"300\" height=\"259\" \/><\/p>\n<p><img decoding=\"async\" class=\"size-medium wp-image-8509\" src=\"https:\/\/portal.fgeo.gob.mx\/wp-content\/uploads\/2025\/03\/Dise%C3%B1o-sin-t%C3%ADtulo-3-300x253.jpg\" alt=\"\" width=\"300\" height=\"253\" \/><\/p>\n","protected":false},"author":2,"featured_media":8492,"comment_status":"closed","ping_status":"closed","template":"","tags":[],"categoria_noticias":[],"class_list":["post-16600","noticias","type-noticias","status-publish","has-post-thumbnail","hentry"],"acf":[],"mb":[],"mfb_rest_fields":["title","gutenberg_elementor_mode"],"_links":{"self":[{"href":"https:\/\/portal.fgeo.gob.mx\/index.php\/wp-json\/wp\/v2\/noticias\/16600","targetHints":{"allow":["GET"]}}],"collection":[{"href":"https:\/\/portal.fgeo.gob.mx\/index.php\/wp-json\/wp\/v2\/noticias"}],"about":[{"href":"https:\/\/portal.fgeo.gob.mx\/index.php\/wp-json\/wp\/v2\/types\/noticias"}],"author":[{"embeddable":true,"href":"https:\/\/portal.fgeo.gob.mx\/index.php\/wp-json\/wp\/v2\/users\/2"}],"replies":[{"embeddable":true,"href":"https:\/\/portal.fgeo.gob.mx\/index.php\/wp-json\/wp\/v2\/comments?post=16600"}],"wp:featuredmedia":[{"embeddable":true,"href":"https:\/\/portal.fgeo.gob.mx\/index.php\/wp-json\/"}],"wp:attachment":[{"href":"https:\/\/portal.fgeo.gob.mx\/index.php\/wp-json\/wp\/v2\/media?parent=16600"}],"wp:term":[{"taxonomy":"post_tag","embeddable":true,"href":"https:\/\/portal.fgeo.gob.mx\/index.php\/wp-json\/wp\/v2\/tags?post=16600"},{"taxonomy":"categoria_noticias","embeddable":true,"href":"https:\/\/portal.fgeo.gob.mx\/index.php\/wp-json\/wp\/v2\/categoria_noticias?post=16600"}],"curies":[{"name":"wp","href":"https:\/\/api.w.org\/{rel}","templated":true}]}}