{"id":16599,"date":"2025-03-03T12:12:49","date_gmt":"2025-03-03T18:12:49","guid":{"rendered":"https:\/\/fge.oaxaca.gob.mx\/?post_type=noticias&amp;p=8503"},"modified":"2025-03-03T12:12:49","modified_gmt":"2025-03-03T18:12:49","slug":"boletin-1288-aprehende-fgeo-a-dos-personas-por-homicidio-ocurrido-en-la-region-de-la-costa","status":"publish","type":"noticias","link":"https:\/\/portal.fgeo.gob.mx\/index.php\/archivos\/noticias\/boletin-1288-aprehende-fgeo-a-dos-personas-por-homicidio-ocurrido-en-la-region-de-la-costa","title":{"rendered":"BOLET\u00cdN 1,288.- Aprehende FGEO a dos personas por homicidio ocurrido en la regi\u00f3n de la Costa"},"content":{"rendered":"<p><strong>Oaxaca de Ju\u00e1rez, Oax., a 03 de marzo de 2025<\/strong>.- La Fiscal\u00eda General del Estado de Oaxaca (FGEO) dio cumplimiento a dos \u00f3rdenes de aprehensi\u00f3n en contra de dos personas del sexo masculino identificados como G.R.S. y J.P.G.G., por el delito de homicidio calificado con ventaja en agravio de J.B.P.G., ocurrido en la regi\u00f3n de la Costa.<\/p>\n<p>De acuerdo con lo asentado en el expediente penal de caso, los hechos sucedieron el 8 de enero de 2025, cuando la v\u00edctima se encontraba en la parada de camionetas de pasaje que salen con direcci\u00f3n al Puente San Juan del distrito de San Pedro Pochutla, lugar donde fue atacado con disparos de arma de fuego provoc\u00e1ndole lesiones que lo privaron de la vida.<\/p>\n<p>Ante estos hechos, la Fiscal\u00eda General del Estado de Oaxaca, a trav\u00e9s de la Vicefiscal\u00eda Regional de la Costa, realiz\u00f3 las investigaciones correspondientes que permitieron obtener las \u00f3rdenes de aprehensi\u00f3n respectivas en contra de G.R.S y J.P.G.G., por el delito de homicidio calificado con ventaja.<\/p>\n<p>Ambos fueron detenidos en diferentes momentos, derivado de un operativo efectuado por elementos de la Fiscal\u00eda Especializada para la Atenci\u00f3n de Delitos de Alto Impacto de la FGEO; posteriormente, fueron puestos a disposici\u00f3n del Ministerio P\u00fablico para determinar su situaci\u00f3n jur\u00eddica.<\/p>\n<p>La Fiscal\u00eda General garantiza investigaciones exhaustivas para esclarecer delitos, aplicando las herramientas legales para castigar a quien o quienes resulten responsables.<\/p>\n<p><img fetchpriority=\"high\" decoding=\"async\" class=\"alignnone size-medium wp-image-8504\" src=\"https:\/\/portal.fgeo.gob.mx\/wp-content\/uploads\/2025\/03\/Dise%C3%B1o-sin-t%C3%ADtulo-1-300x286.jpg\" alt=\"\" width=\"300\" height=\"286\" \/> <img decoding=\"async\" class=\"alignnone size-medium wp-image-8505\" src=\"https:\/\/portal.fgeo.gob.mx\/wp-content\/uploads\/2025\/03\/Dise%C3%B1o-sin-t%C3%ADtulo-225x300.jpg\" alt=\"\" width=\"225\" height=\"300\" \/><\/p>\n","protected":false},"author":2,"featured_media":8492,"comment_status":"closed","ping_status":"closed","template":"","tags":[],"categoria_noticias":[],"class_list":["post-16599","noticias","type-noticias","status-publish","has-post-thumbnail","hentry"],"acf":[],"mb":[],"mfb_rest_fields":["title","gutenberg_elementor_mode"],"_links":{"self":[{"href":"https:\/\/portal.fgeo.gob.mx\/index.php\/wp-json\/wp\/v2\/noticias\/16599","targetHints":{"allow":["GET"]}}],"collection":[{"href":"https:\/\/portal.fgeo.gob.mx\/index.php\/wp-json\/wp\/v2\/noticias"}],"about":[{"href":"https:\/\/portal.fgeo.gob.mx\/index.php\/wp-json\/wp\/v2\/types\/noticias"}],"author":[{"embeddable":true,"href":"https:\/\/portal.fgeo.gob.mx\/index.php\/wp-json\/wp\/v2\/users\/2"}],"replies":[{"embeddable":true,"href":"https:\/\/portal.fgeo.gob.mx\/index.php\/wp-json\/wp\/v2\/comments?post=16599"}],"wp:featuredmedia":[{"embeddable":true,"href":"https:\/\/portal.fgeo.gob.mx\/index.php\/wp-json\/"}],"wp:attachment":[{"href":"https:\/\/portal.fgeo.gob.mx\/index.php\/wp-json\/wp\/v2\/media?parent=16599"}],"wp:term":[{"taxonomy":"post_tag","embeddable":true,"href":"https:\/\/portal.fgeo.gob.mx\/index.php\/wp-json\/wp\/v2\/tags?post=16599"},{"taxonomy":"categoria_noticias","embeddable":true,"href":"https:\/\/portal.fgeo.gob.mx\/index.php\/wp-json\/wp\/v2\/categoria_noticias?post=16599"}],"curies":[{"name":"wp","href":"https:\/\/api.w.org\/{rel}","templated":true}]}}