{"id":16596,"date":"2025-02-28T13:17:23","date_gmt":"2025-02-28T19:17:23","guid":{"rendered":"https:\/\/fge.oaxaca.gob.mx\/?post_type=noticias&amp;p=8494"},"modified":"2025-02-28T13:17:23","modified_gmt":"2025-02-28T19:17:23","slug":"boletin-1285-obtiene-fgeo-vinculacion-de-un-hombre-imputado-por-cuatro-diferentes-delitos-sexuales-en-agravio-de-una-menor-de-edad","status":"publish","type":"noticias","link":"https:\/\/portal.fgeo.gob.mx\/index.php\/archivos\/noticias\/boletin-1285-obtiene-fgeo-vinculacion-de-un-hombre-imputado-por-cuatro-diferentes-delitos-sexuales-en-agravio-de-una-menor-de-edad","title":{"rendered":"BOLET\u00cdN 1285.- Obtiene FGEO vinculaci\u00f3n de un hombre imputado por cuatro diferentes delitos sexuales en agravio de una menor de edad"},"content":{"rendered":"<p><strong>Oaxaca de Ju\u00e1rez, Oax. \u00a028 de febrero de 2025.- <\/strong>\u00a0La Fiscal\u00eda General del Estado de Oaxaca obtuvo la vinculaci\u00f3n a proceso en contra de una persona del sexo masculino identificada como A.G., por cuatro diferentes delitos: pederastia, tentativa de violaci\u00f3n agravada, violaci\u00f3n equiparada agravada y abuso sexual agravado, todos cometidos en agravio de un menor de edad, hechos ocurridos en la regi\u00f3n de valles centrales.<\/p>\n<p>De acuerdo con la carpeta de investigaci\u00f3n los hechos ocurrieron en diversas ocasiones entre 2023 y 2024 mientras la v\u00edctima -una menor de edad cuyos datos est\u00e1n reservados por ley- se encontraba en su domicilio ubicado en la Villa de Zaachila, lugar en el que fue agredida.<\/p>\n<p>Al tener conocimiento del caso y recibir la denuncia correspondiente, la Fiscal\u00eda de Oaxaca inici\u00f3 las investigaciones a trav\u00e9s de la Vicefiscal\u00eda Regional de Valles Centrales, la cual tras realizar las investigaciones iniciales logr\u00f3 obtener y ejecutar una orden de aprehensi\u00f3n en contra de A.G., quien fue puesto a disposici\u00f3n de la autoridad correspondiente.<\/p>\n<p>Tras ser valorados los datos de prueba presentados por la FGEO, el Juez de la causa determin\u00f3 la vinculaci\u00f3n a proceso en contra del imputado A.G. por los delitos de pederastia, tentativa de violaci\u00f3n agravada, violaci\u00f3n equiparada agravada y abuso sexual agravado, adem\u00e1s impuso la medida cautelar de prisi\u00f3n preventiva y concedi\u00f3 un mes para el cierre de la investigaci\u00f3n.<img decoding=\"async\" class=\"alignnone size-medium wp-image-8495\" src=\"https:\/\/portal.fgeo.gob.mx\/wp-content\/uploads\/2025\/02\/BOLET%C3%8DN-1285.-Obtiene-FGEO-vinculaci%C3%B3n-de-un-hombre-imputado-por-cuatro-diferentes-delitos-sexuales-en-agravio-de-una-menor-de-edad-300x145.jpeg\" alt=\"\" width=\"300\" height=\"145\" \/><\/p>\n<p>La Fiscal\u00eda de Oaxaca prioriza las investigaciones de los delitos cometidos en contra de ni\u00f1as, ni\u00f1os y adolescentes, con el objetivo de garantizar procesos de procuraci\u00f3n de justicia eficientes que favorezcan la protecci\u00f3n del inter\u00e9s superior de la ni\u00f1ez.<\/p>\n","protected":false},"author":2,"featured_media":8492,"comment_status":"closed","ping_status":"closed","template":"","tags":[],"categoria_noticias":[],"class_list":["post-16596","noticias","type-noticias","status-publish","has-post-thumbnail","hentry"],"acf":[],"mb":[],"mfb_rest_fields":["title","gutenberg_elementor_mode"],"_links":{"self":[{"href":"https:\/\/portal.fgeo.gob.mx\/index.php\/wp-json\/wp\/v2\/noticias\/16596","targetHints":{"allow":["GET"]}}],"collection":[{"href":"https:\/\/portal.fgeo.gob.mx\/index.php\/wp-json\/wp\/v2\/noticias"}],"about":[{"href":"https:\/\/portal.fgeo.gob.mx\/index.php\/wp-json\/wp\/v2\/types\/noticias"}],"author":[{"embeddable":true,"href":"https:\/\/portal.fgeo.gob.mx\/index.php\/wp-json\/wp\/v2\/users\/2"}],"replies":[{"embeddable":true,"href":"https:\/\/portal.fgeo.gob.mx\/index.php\/wp-json\/wp\/v2\/comments?post=16596"}],"wp:featuredmedia":[{"embeddable":true,"href":"https:\/\/portal.fgeo.gob.mx\/index.php\/wp-json\/"}],"wp:attachment":[{"href":"https:\/\/portal.fgeo.gob.mx\/index.php\/wp-json\/wp\/v2\/media?parent=16596"}],"wp:term":[{"taxonomy":"post_tag","embeddable":true,"href":"https:\/\/portal.fgeo.gob.mx\/index.php\/wp-json\/wp\/v2\/tags?post=16596"},{"taxonomy":"categoria_noticias","embeddable":true,"href":"https:\/\/portal.fgeo.gob.mx\/index.php\/wp-json\/wp\/v2\/categoria_noticias?post=16596"}],"curies":[{"name":"wp","href":"https:\/\/api.w.org\/{rel}","templated":true}]}}