{"id":16595,"date":"2025-02-28T10:27:28","date_gmt":"2025-02-28T16:27:28","guid":{"rendered":"https:\/\/fge.oaxaca.gob.mx\/?post_type=noticias&amp;p=8490"},"modified":"2025-02-28T10:27:28","modified_gmt":"2025-02-28T16:27:28","slug":"boletin-1284-en-operativo-coordinado-fiscalia-de-oaxaca-y-guardia-nacional-detienen-a-cuatro-personas-en-santa-cruz-xoxocotlan","status":"publish","type":"noticias","link":"https:\/\/portal.fgeo.gob.mx\/index.php\/archivos\/noticias\/boletin-1284-en-operativo-coordinado-fiscalia-de-oaxaca-y-guardia-nacional-detienen-a-cuatro-personas-en-santa-cruz-xoxocotlan","title":{"rendered":"BOLET\u00cdN 1284.- En operativo coordinado, Fiscal\u00eda de Oaxaca y Guardia Nacional detienen a cuatro personas en Santa Cruz Xoxocotl\u00e1n"},"content":{"rendered":"<ul>\n<li style=\"font-weight: 400\"><em>Entre los detenidos, Y.B.J.O alias \u201cEl Negro Yair\u201d, estar\u00eda identificado como uno de los principales distribuidores de drogas en la zona<\/em><\/li>\n<\/ul>\n<p style=\"font-weight: 400\"><strong>Oaxaca de Ju\u00e1rez, Oax. \u00a028 de febrero de 2025.-\u00a0<\/strong>La Fiscal\u00eda General del Estado de Oaxaca (FGEO) en coordinaci\u00f3n con elementos de la Agencia Estatal de Investigaciones (AEI) y Guardia Nacional, llevaron a cabo un cateo para dar cumplimiento a una orden de aprehensi\u00f3n en contra de una persona del sexo masculino identificada como Y.B.J.O alias \u201cEl Negro Yair\u201d, por el delito Contra la Salud en agravio de la sociedad, en hechos cometidos en la regi\u00f3n de los Valles Centrales.<\/p>\n<p style=\"font-weight: 400\">De acuerdo con el resultado de las investigaciones en las que se emplean t\u00e9cnicas de inteligencia criminal, la FGEO estableci\u00f3 que Y.B.J.O alias \u201cEl Negro Yair\u201d, estar\u00eda identificado como uno de los principales distribuidores de drogas en la zona.<\/p>\n<p style=\"font-weight: 400\">En atenci\u00f3n a la orden de cateo por el caso, la FGEO, a trav\u00e9s de la Fiscal\u00eda Especializada para la Atenci\u00f3n a Delitos de Alto Impacto, encabez\u00f3 el operativo coordinado con la Guardia Nacional en un domicilio ubicado en la colonia Primera Ampliaci\u00f3n, en el municipio de Santa Cruz Xoxocotl\u00e1n, con el objeto de dar cumplimiento a la orden de aprehensi\u00f3n en contra de Y.B.J.O alias \u201cEl Negro Yair\u201d.<\/p>\n<p style=\"font-weight: 400\">Gracias a dichas labores, con \u00e9xito se logr\u00f3 el aseguramiento de diversas dosis de drogas, una b\u00e1scula gramera y un bastidor de motocicleta con n\u00famero de motor limado, as\u00ed como la detenci\u00f3n de cuatro personas, tres del sexo masculino, entre ellas Y.B.J.O alias \u201cEl Negro Yair\u201d., y una mujer.<\/p>\n<p style=\"font-weight: 400\">Tras la detenci\u00f3n, las cuatro personas detenidas fueron presentadas ante las autoridades correspondientes para resolver su situaci\u00f3n jur\u00eddica.<img fetchpriority=\"high\" decoding=\"async\" class=\"alignnone size-medium wp-image-8491\" src=\"https:\/\/portal.fgeo.gob.mx\/wp-content\/uploads\/2025\/02\/BOLET%C3%8DN-1284.-En-operativo-coordinado-Fiscal%C3%ADa-de-Oaxaca-y-Guardia-Nacional-detienen-a-cuatro-personas-en-Santa-Cruz-Xoxocotl%C3%A1n3-300x226.jpeg\" alt=\"\" width=\"300\" height=\"226\" \/><\/p>\n<p style=\"font-weight: 400\">Las labores de inteligencia que realiza la Fiscal\u00eda de Oaxaca para dar mayor certeza a las investigaciones ministeriales por diversos delitos, permiten fortalecer la estrategia estatal de seguridad p\u00fablica y procuraci\u00f3n de justicia a favor de la ciudadan\u00eda en las diferentes regiones de la entidad.<\/p>\n","protected":false},"author":2,"featured_media":8492,"comment_status":"closed","ping_status":"closed","template":"","tags":[],"categoria_noticias":[],"class_list":["post-16595","noticias","type-noticias","status-publish","has-post-thumbnail","hentry"],"acf":[],"mb":[],"mfb_rest_fields":["title","gutenberg_elementor_mode"],"_links":{"self":[{"href":"https:\/\/portal.fgeo.gob.mx\/index.php\/wp-json\/wp\/v2\/noticias\/16595","targetHints":{"allow":["GET"]}}],"collection":[{"href":"https:\/\/portal.fgeo.gob.mx\/index.php\/wp-json\/wp\/v2\/noticias"}],"about":[{"href":"https:\/\/portal.fgeo.gob.mx\/index.php\/wp-json\/wp\/v2\/types\/noticias"}],"author":[{"embeddable":true,"href":"https:\/\/portal.fgeo.gob.mx\/index.php\/wp-json\/wp\/v2\/users\/2"}],"replies":[{"embeddable":true,"href":"https:\/\/portal.fgeo.gob.mx\/index.php\/wp-json\/wp\/v2\/comments?post=16595"}],"wp:featuredmedia":[{"embeddable":true,"href":"https:\/\/portal.fgeo.gob.mx\/index.php\/wp-json\/"}],"wp:attachment":[{"href":"https:\/\/portal.fgeo.gob.mx\/index.php\/wp-json\/wp\/v2\/media?parent=16595"}],"wp:term":[{"taxonomy":"post_tag","embeddable":true,"href":"https:\/\/portal.fgeo.gob.mx\/index.php\/wp-json\/wp\/v2\/tags?post=16595"},{"taxonomy":"categoria_noticias","embeddable":true,"href":"https:\/\/portal.fgeo.gob.mx\/index.php\/wp-json\/wp\/v2\/categoria_noticias?post=16595"}],"curies":[{"name":"wp","href":"https:\/\/api.w.org\/{rel}","templated":true}]}}