{"id":16592,"date":"2025-02-27T09:53:18","date_gmt":"2025-02-27T15:53:18","guid":{"rendered":"https:\/\/fge.oaxaca.gob.mx\/?post_type=noticias&amp;p=8484"},"modified":"2025-02-27T09:53:18","modified_gmt":"2025-02-27T15:53:18","slug":"boletin-1281-fiscalia-de-oaxaca-obtiene-vinculacion-a-proceso-contra-dos-personas-por-venta-de-dulces-con-droga-afuera-de-un-bachillerato-ubicado-en-santa-lucia-del-camino","status":"publish","type":"noticias","link":"https:\/\/portal.fgeo.gob.mx\/index.php\/archivos\/noticias\/boletin-1281-fiscalia-de-oaxaca-obtiene-vinculacion-a-proceso-contra-dos-personas-por-venta-de-dulces-con-droga-afuera-de-un-bachillerato-ubicado-en-santa-lucia-del-camino","title":{"rendered":"BOLET\u00cdN 1,281.- Fiscal\u00eda de Oaxaca obtiene vinculaci\u00f3n a proceso contra dos personas por venta de dulces con droga, afuera de un bachillerato ubicado en Santa Luc\u00eda del Camino"},"content":{"rendered":"<p><strong>Oaxaca de Ju\u00e1rez, Oax., a 27 de febrero de 2025<\/strong>.- Como parte de las acciones de combate a delitos de alto impacto, la Fiscal\u00eda General del Estado de Oaxaca (FGEO) obtuvo auto de vinculaci\u00f3n a proceso en contra de dos personas del sexo masculino identificadas como J.E.D.C. y R.M.A., por el delito contra la salud en su modalidad de narcomenudeo en la hip\u00f3tesis de suministro de cannabis, en hechos ocurridos en la regi\u00f3n de los Valles Centrales.<\/p>\n<p>&nbsp;<\/p>\n<p>De acuerdo con el expediente penal del caso, J.E.D.C. y R.M.A. fueron detenidos por la polic\u00eda municipal el 18 de febrero de 2025, sobre la avenida L\u00e1zaro C\u00e1rdenas, en inmediaciones del Centro de Bachillerato Tecnol\u00f3gico Industrial y de Servicios (CBTis) 123, ubicado en Santa Luc\u00eda del Camino.<\/p>\n<p>&nbsp;<\/p>\n<p>Al efectuarles la revisi\u00f3n de rutina, les decomisaron gomitas enchiladas que, luego de realizar los estudios periciales, se determin\u00f3 que conten\u00edan metabolitos en cannabinoides (derivado de la marihuana), las cuales vend\u00edan en bolsas de pl\u00e1stico con la leyenda \u201cgominolas gomitas enchiladas\u201d.<\/p>\n<p>&nbsp;<\/p>\n<p>Ante este hecho, la Fiscal\u00eda de Oaxaca tom\u00f3 conocimiento del caso y a trav\u00e9s de la Vicefiscal\u00eda Regional de Valles Centrales se realizaron los trabajos ministeriales que permitieron llevar a control de detenci\u00f3n a J.E.D.C. y R.M.A.<\/p>\n<p>&nbsp;<\/p>\n<p>Tras el desahogo de pruebas ministeriales aportadas por la FGEO, el Juez que atiende la causa dict\u00f3 auto de vinculaci\u00f3n a proceso en contra de J.E.D.C. y R.M.A., a quienes impuso la medida cautelar de prisi\u00f3n preventiva justificada por el delito de Contra la Salud en su modalidad de Narcomenudeo con la finalidad de suministro o comercio de tetrahidrocannabinol, en t\u00e9rminos del art\u00edculo 476 de la Ley General de Salud, adem\u00e1s de otorgar un mes para el cierre de la investigaci\u00f3n complementaria.<\/p>\n<p>&nbsp;<\/p>\n<p>La Fiscal\u00eda General de Oaxaca, refrenda su compromiso de seguir trabajando para combatir este tipo de delitos que da\u00f1an el tejido social y atentan contra el bienestar de la sociedad oaxaque\u00f1a, principalmente en contra de ni\u00f1as, ni\u00f1os y adolescentes.<\/p>\n<figure id=\"attachment_8485\" aria-describedby=\"caption-attachment-8485\" style=\"width: 232px\" class=\"wp-caption alignnone\"><img fetchpriority=\"high\" decoding=\"async\" class=\"size-full wp-image-8485\" src=\"https:\/\/portal.fgeo.gob.mx\/wp-content\/uploads\/2025\/02\/Dise%C3%B1o-sin-t%C3%ADtulo-1-5.jpg\" alt=\"\" width=\"232\" height=\"296\" \/><figcaption id=\"caption-attachment-8485\" class=\"wp-caption-text\">Dise\u00f1o sin t\u00edtulo &#8211; 1<\/figcaption><\/figure>\n<figure id=\"attachment_8486\" aria-describedby=\"caption-attachment-8486\" style=\"width: 241px\" class=\"wp-caption alignnone\"><img decoding=\"async\" class=\"size-medium wp-image-8486\" src=\"https:\/\/portal.fgeo.gob.mx\/wp-content\/uploads\/2025\/02\/Dise%C3%B1o-sin-t%C3%ADtulo-27.jpg\" alt=\"\" width=\"241\" height=\"268\" \/><figcaption id=\"caption-attachment-8486\" class=\"wp-caption-text\">Dise\u00f1o sin t\u00edtulo &#8211; 1<\/figcaption><\/figure>\n","protected":false},"author":2,"featured_media":8492,"comment_status":"closed","ping_status":"closed","template":"","tags":[],"categoria_noticias":[],"class_list":["post-16592","noticias","type-noticias","status-publish","has-post-thumbnail","hentry"],"acf":[],"mb":[],"mfb_rest_fields":["title","gutenberg_elementor_mode"],"_links":{"self":[{"href":"https:\/\/portal.fgeo.gob.mx\/index.php\/wp-json\/wp\/v2\/noticias\/16592","targetHints":{"allow":["GET"]}}],"collection":[{"href":"https:\/\/portal.fgeo.gob.mx\/index.php\/wp-json\/wp\/v2\/noticias"}],"about":[{"href":"https:\/\/portal.fgeo.gob.mx\/index.php\/wp-json\/wp\/v2\/types\/noticias"}],"author":[{"embeddable":true,"href":"https:\/\/portal.fgeo.gob.mx\/index.php\/wp-json\/wp\/v2\/users\/2"}],"replies":[{"embeddable":true,"href":"https:\/\/portal.fgeo.gob.mx\/index.php\/wp-json\/wp\/v2\/comments?post=16592"}],"wp:featuredmedia":[{"embeddable":true,"href":"https:\/\/portal.fgeo.gob.mx\/index.php\/wp-json\/"}],"wp:attachment":[{"href":"https:\/\/portal.fgeo.gob.mx\/index.php\/wp-json\/wp\/v2\/media?parent=16592"}],"wp:term":[{"taxonomy":"post_tag","embeddable":true,"href":"https:\/\/portal.fgeo.gob.mx\/index.php\/wp-json\/wp\/v2\/tags?post=16592"},{"taxonomy":"categoria_noticias","embeddable":true,"href":"https:\/\/portal.fgeo.gob.mx\/index.php\/wp-json\/wp\/v2\/categoria_noticias?post=16592"}],"curies":[{"name":"wp","href":"https:\/\/api.w.org\/{rel}","templated":true}]}}