{"id":16591,"date":"2025-02-26T18:00:04","date_gmt":"2025-02-27T00:00:04","guid":{"rendered":"https:\/\/fge.oaxaca.gob.mx\/?post_type=noticias&amp;p=8473"},"modified":"2025-02-26T18:00:04","modified_gmt":"2025-02-27T00:00:04","slug":"boletin-1280-capacitacion-para-mejorar-procuracion-de-justicia-y-seguridad-en-comunidades-una-tarea-compartida-fiscal-bernardo-rodriguez-alamilla","status":"publish","type":"noticias","link":"https:\/\/portal.fgeo.gob.mx\/index.php\/archivos\/noticias\/boletin-1280-capacitacion-para-mejorar-procuracion-de-justicia-y-seguridad-en-comunidades-una-tarea-compartida-fiscal-bernardo-rodriguez-alamilla","title":{"rendered":"BOLET\u00cdN 1,280.- Capacitaci\u00f3n para mejorar procuraci\u00f3n de justicia y seguridad en comunidades, una tarea compartida: Fiscal Bernardo Rodr\u00edguez Alamilla"},"content":{"rendered":"<p><strong>Oaxaca de Ju\u00e1rez, Oax., a 26 de febrero de 2025<\/strong>.- Durante el arranque de la jornada del programa de proximidad social \u201cFiscal\u00eda en tu comunidad\u201d, que se llev\u00f3 a cabo en el municipio de San Baltazar Chichic\u00e1pam, el Fiscal General del Estado de Oaxaca, Bernardo Rodr\u00edguez Alamilla, resalt\u00f3 que atender la procuraci\u00f3n de justicia y seguridad es una tarea compartida, se requiere de la colaboraci\u00f3n interinstitucional entre las autoridades municipales y estatales para abordar la problem\u00e1tica de una forma integral.<\/p>\n<p>Durante el acto inaugural, en el que estuvieron presentes el presidente municipal, Ren\u00e9 Mendoza P\u00e9rez; la s\u00edndica, Elizabeth V\u00e1squez P\u00e9rez; el regidor de Polic\u00eda, Rey Garc\u00eda Hern\u00e1ndez; el regidor de Hacienda, Abel Garc\u00eda; la regidora de Educaci\u00f3n, Reyna Hern\u00e1ndez Rebollar;\u00a0 el alcalde \u00fanico constitucional, Ponciano Chincoya; la regidora de Ecolog\u00eda, Idalia San Juan Luis; ante quienes, el Fiscal de Oaxaca Bernardo Rodr\u00edguez\u00a0 dijo que, a trav\u00e9s de este programa de proximidad social se ofrecen capacitaciones para que cuenten con herramientas con el objetivo de fortalecer las capacidades de las y los elementos de la polic\u00eda municipal para desempe\u00f1ar sus funciones con mayor efectividad.<\/p>\n<p>El titular de la Fiscal\u00eda General del Estado de Oaxaca, Bernardo Rodr\u00edguez Alamilla sostuvo que el acercamiento de los servicios de la instituci\u00f3n es parte de una estrategia para contar con mejores procesos de procuraci\u00f3n de justicia a favor de la ciudadan\u00eda, por medio de acciones colaborativas con los ayuntamientos se pueden construir comunidades m\u00e1s seguras y ofrece mejores procesos de justicia a la sociedad.<\/p>\n<p>Reiter\u00f3 que entre las prioridades de la Fiscal\u00eda de Oaxaca est\u00e1 el fortalecimiento de las capacidades de las polic\u00edas municipales, por ello, a trav\u00e9s del programa \u201cFiscal\u00eda en tu Comunidad\u201d se brindan procesos formativos respecto a la atenci\u00f3n a los delitos m\u00e1s recurrentes como la extorsi\u00f3n telef\u00f3nica, pr\u00e9stamos gota a gota, as\u00ed como respecto al procedimiento del llenado del Informe Policial Homologado.<\/p>\n<p>El Fiscal de Oaxaca Bernardo Rodr\u00edguez Alamilla explic\u00f3 que se enfatizan acciones preventivas, especialmente dirigidas a ni\u00f1as, ni\u00f1os y adolescentes, por lo que se brindan capacitaciones en temas de prevenci\u00f3n del delito enfocado especialmente a su relaci\u00f3n con el consumo de alcohol y drogas, adem\u00e1s de prevenci\u00f3n del abuso sexual en ni\u00f1as, ni\u00f1os y adolescentes.<\/p>\n<p>Por su parte, el presidente municipal de San Baltazar Chichic\u00e1pam Rene Mendoza P\u00e9rez dijo que establecer el v\u00ednculo con la Fiscal\u00eda General del Estado representa un avance, pues las autoridades municipales buscan mecanismos que permitan fortalecer a las polic\u00edas municipales para contar con los conocimientos y aptitudes necesarias para poder brindar un servicio adecuado a su comunidad, por ello, las capacitaciones que brinda la FGEO son de gran utilidad para sus elementos.<\/p>\n<p>El programa de proximidad social \u201cFiscal\u00eda en tu Comunidad\u201d, la FGEO brinda capacitaci\u00f3n y acerca informaci\u00f3n preventiva respecto al fen\u00f3meno delictivo, adem\u00e1s de acercar servicios de las diferentes \u00e1reas de la instituci\u00f3n.<\/p>\n<p><img fetchpriority=\"high\" decoding=\"async\" class=\"alignnone size-medium wp-image-8474\" src=\"https:\/\/portal.fgeo.gob.mx\/wp-content\/uploads\/2025\/02\/WhatsApp-Image-2025-02-26-at-2.01.32-PM-2-300x200.jpeg\" alt=\"\" width=\"300\" height=\"200\" \/> <img decoding=\"async\" class=\"alignnone size-medium wp-image-8475\" src=\"https:\/\/portal.fgeo.gob.mx\/wp-content\/uploads\/2025\/02\/WhatsApp-Image-2025-02-26-at-2.01.32-PM-1-300x200.jpeg\" alt=\"\" width=\"300\" height=\"200\" \/> <img decoding=\"async\" class=\"alignnone size-medium wp-image-8476\" src=\"https:\/\/portal.fgeo.gob.mx\/wp-content\/uploads\/2025\/02\/WhatsApp-Image-2025-02-26-at-2.01.32-PM-300x200.jpeg\" alt=\"\" width=\"300\" height=\"200\" \/> <img loading=\"lazy\" decoding=\"async\" class=\"alignnone size-medium wp-image-8477\" src=\"https:\/\/portal.fgeo.gob.mx\/wp-content\/uploads\/2025\/02\/WhatsApp-Image-2025-02-26-at-2.01.31-PM-6-300x200.jpeg\" alt=\"\" width=\"300\" height=\"200\" \/> <img loading=\"lazy\" decoding=\"async\" class=\"alignnone size-medium wp-image-8478\" src=\"https:\/\/portal.fgeo.gob.mx\/wp-content\/uploads\/2025\/02\/WhatsApp-Image-2025-02-26-at-2.01.31-PM-5-300x200.jpeg\" alt=\"\" width=\"300\" height=\"200\" \/> <img loading=\"lazy\" decoding=\"async\" class=\"alignnone size-medium wp-image-8479\" src=\"https:\/\/portal.fgeo.gob.mx\/wp-content\/uploads\/2025\/02\/WhatsApp-Image-2025-02-26-at-2.01.31-PM-4-300x168.jpeg\" alt=\"\" width=\"300\" height=\"168\" \/> <img loading=\"lazy\" decoding=\"async\" class=\"alignnone size-medium wp-image-8480\" src=\"https:\/\/portal.fgeo.gob.mx\/wp-content\/uploads\/2025\/02\/WhatsApp-Image-2025-02-26-at-2.01.31-PM-3-300x200.jpeg\" alt=\"\" width=\"300\" height=\"200\" \/> <img loading=\"lazy\" decoding=\"async\" class=\"alignnone size-medium wp-image-8481\" src=\"https:\/\/portal.fgeo.gob.mx\/wp-content\/uploads\/2025\/02\/WhatsApp-Image-2025-02-26-at-2.01.31-PM-2-300x200.jpeg\" alt=\"\" width=\"300\" height=\"200\" \/> <img loading=\"lazy\" decoding=\"async\" class=\"alignnone size-medium wp-image-8482\" src=\"https:\/\/portal.fgeo.gob.mx\/wp-content\/uploads\/2025\/02\/WhatsApp-Image-2025-02-26-at-2.01.31-PM-1-300x200.jpeg\" alt=\"\" width=\"300\" height=\"200\" \/> <img loading=\"lazy\" decoding=\"async\" class=\"alignnone size-medium wp-image-8483\" src=\"https:\/\/portal.fgeo.gob.mx\/wp-content\/uploads\/2025\/02\/WhatsApp-Image-2025-02-26-at-2.01.31-PM-300x200.jpeg\" alt=\"\" width=\"300\" height=\"200\" \/><\/p>\n","protected":false},"author":2,"featured_media":8401,"comment_status":"closed","ping_status":"closed","template":"","tags":[],"categoria_noticias":[],"class_list":["post-16591","noticias","type-noticias","status-publish","has-post-thumbnail","hentry"],"acf":[],"mb":[],"mfb_rest_fields":["title","gutenberg_elementor_mode"],"_links":{"self":[{"href":"https:\/\/portal.fgeo.gob.mx\/index.php\/wp-json\/wp\/v2\/noticias\/16591","targetHints":{"allow":["GET"]}}],"collection":[{"href":"https:\/\/portal.fgeo.gob.mx\/index.php\/wp-json\/wp\/v2\/noticias"}],"about":[{"href":"https:\/\/portal.fgeo.gob.mx\/index.php\/wp-json\/wp\/v2\/types\/noticias"}],"author":[{"embeddable":true,"href":"https:\/\/portal.fgeo.gob.mx\/index.php\/wp-json\/wp\/v2\/users\/2"}],"replies":[{"embeddable":true,"href":"https:\/\/portal.fgeo.gob.mx\/index.php\/wp-json\/wp\/v2\/comments?post=16591"}],"wp:featuredmedia":[{"embeddable":true,"href":"https:\/\/portal.fgeo.gob.mx\/index.php\/wp-json\/"}],"wp:attachment":[{"href":"https:\/\/portal.fgeo.gob.mx\/index.php\/wp-json\/wp\/v2\/media?parent=16591"}],"wp:term":[{"taxonomy":"post_tag","embeddable":true,"href":"https:\/\/portal.fgeo.gob.mx\/index.php\/wp-json\/wp\/v2\/tags?post=16591"},{"taxonomy":"categoria_noticias","embeddable":true,"href":"https:\/\/portal.fgeo.gob.mx\/index.php\/wp-json\/wp\/v2\/categoria_noticias?post=16591"}],"curies":[{"name":"wp","href":"https:\/\/api.w.org\/{rel}","templated":true}]}}