{"id":16589,"date":"2025-02-26T13:24:06","date_gmt":"2025-02-26T19:24:06","guid":{"rendered":"https:\/\/fge.oaxaca.gob.mx\/?post_type=noticias&amp;p=8468"},"modified":"2025-02-26T13:24:06","modified_gmt":"2025-02-26T19:24:06","slug":"boletin-1278-fiscalia-de-oaxaca-en-colaboracion-con-fiscalia-de-veracruz-detienen-a-una-persona-y-le-ejecutan-orden-de-aprehension-por-cuatro-diferentes-casos-de-secuestro","status":"publish","type":"noticias","link":"https:\/\/portal.fgeo.gob.mx\/index.php\/archivos\/noticias\/boletin-1278-fiscalia-de-oaxaca-en-colaboracion-con-fiscalia-de-veracruz-detienen-a-una-persona-y-le-ejecutan-orden-de-aprehension-por-cuatro-diferentes-casos-de-secuestro","title":{"rendered":"BOLET\u00cdN 1,278.- Fiscal\u00eda de Oaxaca, en colaboraci\u00f3n con Fiscal\u00eda de Veracruz, detienen a una persona y le ejecutan orden de aprehensi\u00f3n por cuatro diferentes casos de secuestro"},"content":{"rendered":"<p><strong>Oaxaca de Ju\u00e1rez, Oax., a 26 de febrero de 2025<\/strong>.- Derivado de la colaboraci\u00f3n interinstitucional con la Fiscal\u00eda del Estado de Veracruz, la Fiscal\u00eda General del Estado de Oaxaca (FGEO), logr\u00f3 la detenci\u00f3n de una persona del sexo masculino identificada como C.E.A.M., alias \u201cEl Chilango\u201d o \u201cEl Hojalatero\u201d, por el delito de Secuestro agravado, por diferentes hechos que sucedieron en 2014 en distintos puntos del estado de Veracruz de Ignacio de la Llave.<\/p>\n<p>La detenci\u00f3n se realiz\u00f3 en la localidad de Paso Real Sarabia del municipio de San Juan Guichicovi, en el Istmo de Tehuantepec, gracias a la coordinaci\u00f3n de elementos de la Agencia Estatal de Investigaciones adscritos a la Unidad Especializada en el Combate al Secuestro perteneciente a la Fiscal\u00eda Especializada para la Atenci\u00f3n a Delitos de Alto Impacto de la FGEO, en colaboraci\u00f3n con elementos de la Unidad Especializada en el Combate al Secuestro de la Fiscal\u00eda de Veracruz.<\/p>\n<p>La investigaci\u00f3n revela que, los cuatro mandamientos judiciales cumplimentados en contra de C.E.A.M., alias \u201cEl Chilango u Hojalatero\u201d, derivan por su probable participaci\u00f3n en la comisi\u00f3n del delito de secuestro agravado por diversos hechos suscitados en 2014, en agravio de cuatro personas identificadas como M.A.R.G., M.E.L., A.N.D. y U.V.L., en hechos cometidos en distintos puntos del estado de Veracruz.<\/p>\n<p>Tras la detenci\u00f3n, C.E.A.M., alias \u201cEl Chilango u Hojalatero\u201d, se iniciaron los tr\u00e1mites legales pertinentes para su traslado a Poza Rica de Hidalgo en el estado de Veracruz y con ello, ponerlo a disposici\u00f3n de la autoridad ministerial correspondiente para determinar su situaci\u00f3n jur\u00eddica.<\/p>\n<p>Los trabajos de colaboraci\u00f3n que realiza la Fiscal\u00eda de Oaxaca con Fiscal\u00edas de otras entidades federativas se traducen en acciones asertivas para que las v\u00edctimas tengan pleno acceso a la justicia y la reparaci\u00f3n del da\u00f1o.<\/p>\n<p><img fetchpriority=\"high\" decoding=\"async\" class=\"alignnone size-medium wp-image-8469\" src=\"https:\/\/portal.fgeo.gob.mx\/wp-content\/uploads\/2025\/02\/Dise%C3%B1o-sin-t%C3%ADtulo-25-221x300.jpg\" alt=\"\" width=\"221\" height=\"300\" \/><\/p>\n","protected":false},"author":2,"featured_media":8401,"comment_status":"closed","ping_status":"closed","template":"","tags":[],"categoria_noticias":[],"class_list":["post-16589","noticias","type-noticias","status-publish","has-post-thumbnail","hentry"],"acf":[],"mb":[],"mfb_rest_fields":["title","gutenberg_elementor_mode"],"_links":{"self":[{"href":"https:\/\/portal.fgeo.gob.mx\/index.php\/wp-json\/wp\/v2\/noticias\/16589","targetHints":{"allow":["GET"]}}],"collection":[{"href":"https:\/\/portal.fgeo.gob.mx\/index.php\/wp-json\/wp\/v2\/noticias"}],"about":[{"href":"https:\/\/portal.fgeo.gob.mx\/index.php\/wp-json\/wp\/v2\/types\/noticias"}],"author":[{"embeddable":true,"href":"https:\/\/portal.fgeo.gob.mx\/index.php\/wp-json\/wp\/v2\/users\/2"}],"replies":[{"embeddable":true,"href":"https:\/\/portal.fgeo.gob.mx\/index.php\/wp-json\/wp\/v2\/comments?post=16589"}],"wp:featuredmedia":[{"embeddable":true,"href":"https:\/\/portal.fgeo.gob.mx\/index.php\/wp-json\/"}],"wp:attachment":[{"href":"https:\/\/portal.fgeo.gob.mx\/index.php\/wp-json\/wp\/v2\/media?parent=16589"}],"wp:term":[{"taxonomy":"post_tag","embeddable":true,"href":"https:\/\/portal.fgeo.gob.mx\/index.php\/wp-json\/wp\/v2\/tags?post=16589"},{"taxonomy":"categoria_noticias","embeddable":true,"href":"https:\/\/portal.fgeo.gob.mx\/index.php\/wp-json\/wp\/v2\/categoria_noticias?post=16589"}],"curies":[{"name":"wp","href":"https:\/\/api.w.org\/{rel}","templated":true}]}}