{"id":16588,"date":"2025-02-26T10:28:53","date_gmt":"2025-02-26T16:28:53","guid":{"rendered":"https:\/\/fge.oaxaca.gob.mx\/?post_type=noticias&amp;p=8466"},"modified":"2025-02-26T10:28:53","modified_gmt":"2025-02-26T16:28:53","slug":"boletin-1277-fiscalia-de-oaxaca-en-colaboracion-con-el-estado-de-veracruz-ejecutan-orden-de-aprehension-en-contra-de-una-mujer-por-corrupcion-de-menores-y-equiparado-a-la-violacion-agravada-cometi","status":"publish","type":"noticias","link":"https:\/\/portal.fgeo.gob.mx\/index.php\/archivos\/noticias\/boletin-1277-fiscalia-de-oaxaca-en-colaboracion-con-el-estado-de-veracruz-ejecutan-orden-de-aprehension-en-contra-de-una-mujer-por-corrupcion-de-menores-y-equiparado-a-la-violacion-agravada-cometi","title":{"rendered":"BOLET\u00cdN 1,277.- Fiscal\u00eda de Oaxaca en colaboraci\u00f3n con el estado de Veracruz, ejecutan orden de aprehensi\u00f3n en contra de una mujer por Corrupci\u00f3n de menores y Equiparado a la violaci\u00f3n agravada cometido en Loma Bonita"},"content":{"rendered":"<p>&nbsp;<\/p>\n<p><strong>Oaxaca de Ju\u00e1rez, Oax., a 26 de febrero de 2025<\/strong>.- La Fiscal\u00eda General del Estado de Oaxaca (FGEO), en colaboraci\u00f3n interinstitucional con la Fiscal\u00eda del Estado de Veracruz, ejecutaron una orden de aprehensi\u00f3n que permiti\u00f3 la detenci\u00f3n de una mujer identificada como C.P.M.L., por los delitos de Corrupci\u00f3n de menores de 18 a\u00f1os y Equiparado a la violaci\u00f3n agravada en agravio de sus tres hijas menores de edad, en hechos cometidos en el municipio de Loma Bonita, en la regi\u00f3n de la Cuenca del Papaloapan.<\/p>\n<p>De acuerdo con la denuncia recibida el 19 de diciembre de 2013, familiares informaron a la instituci\u00f3n que los hechos ocurrieron en diferentes fechas, cuando las v\u00edctimas (tres menores de edad cuya identidad es reservada por ley), sufrieron agresiones.<\/p>\n<p>Ante estos hechos, la Fiscal\u00eda de Oaxaca inici\u00f3 una exhaustiva investigaci\u00f3n, a trav\u00e9s de la Vicefiscal\u00eda Regional de la Cuenca, logrando establecer que C.P.M.L. se encontraba en el estado vecino, por lo que se solicit\u00f3 la colaboraci\u00f3n con la Fiscal\u00eda de Veracruz para la ejecuci\u00f3n de la orden de aprehensi\u00f3n en su contra.<\/p>\n<p>Luego de la detenci\u00f3n, C.P.M.L. fue trasladada a Oaxaca para quedar a disposici\u00f3n de la autoridad correspondiente para determinar su situaci\u00f3n jur\u00eddica.<\/p>\n<p>La Fiscal\u00eda General de Oaxaca tiene entre sus ejes rectores garantizar una vida libre de violencia para ni\u00f1as, ni\u00f1os y adolescentes, a trav\u00e9s de los mecanismos de procuraci\u00f3n de justicia que est\u00e1n a cargo de \u00e1reas especializadas y bien capacitadas para este tipo de labores.<\/p>\n<p><img fetchpriority=\"high\" decoding=\"async\" class=\"alignnone size-medium wp-image-8467\" src=\"https:\/\/portal.fgeo.gob.mx\/wp-content\/uploads\/2025\/02\/WhatsApp-Image-2025-02-25-at-2.11.30-PM-300x273.jpeg\" alt=\"\" width=\"300\" height=\"273\" \/><\/p>\n","protected":false},"author":2,"featured_media":8401,"comment_status":"closed","ping_status":"closed","template":"","tags":[],"categoria_noticias":[],"class_list":["post-16588","noticias","type-noticias","status-publish","has-post-thumbnail","hentry"],"acf":[],"mb":[],"mfb_rest_fields":["title","gutenberg_elementor_mode"],"_links":{"self":[{"href":"https:\/\/portal.fgeo.gob.mx\/index.php\/wp-json\/wp\/v2\/noticias\/16588","targetHints":{"allow":["GET"]}}],"collection":[{"href":"https:\/\/portal.fgeo.gob.mx\/index.php\/wp-json\/wp\/v2\/noticias"}],"about":[{"href":"https:\/\/portal.fgeo.gob.mx\/index.php\/wp-json\/wp\/v2\/types\/noticias"}],"author":[{"embeddable":true,"href":"https:\/\/portal.fgeo.gob.mx\/index.php\/wp-json\/wp\/v2\/users\/2"}],"replies":[{"embeddable":true,"href":"https:\/\/portal.fgeo.gob.mx\/index.php\/wp-json\/wp\/v2\/comments?post=16588"}],"wp:featuredmedia":[{"embeddable":true,"href":"https:\/\/portal.fgeo.gob.mx\/index.php\/wp-json\/"}],"wp:attachment":[{"href":"https:\/\/portal.fgeo.gob.mx\/index.php\/wp-json\/wp\/v2\/media?parent=16588"}],"wp:term":[{"taxonomy":"post_tag","embeddable":true,"href":"https:\/\/portal.fgeo.gob.mx\/index.php\/wp-json\/wp\/v2\/tags?post=16588"},{"taxonomy":"categoria_noticias","embeddable":true,"href":"https:\/\/portal.fgeo.gob.mx\/index.php\/wp-json\/wp\/v2\/categoria_noticias?post=16588"}],"curies":[{"name":"wp","href":"https:\/\/api.w.org\/{rel}","templated":true}]}}