{"id":16587,"date":"2025-02-25T16:00:04","date_gmt":"2025-02-25T22:00:04","guid":{"rendered":"https:\/\/fge.oaxaca.gob.mx\/?post_type=noticias&amp;p=8463"},"modified":"2025-02-25T16:00:04","modified_gmt":"2025-02-25T22:00:04","slug":"boletin-1276-fgeo-cumple-orden-de-cateo-junto-a-marina-y-defensa-como-parte-de-la-investigacion-por-homicidio-cateo-realizado-en-un-domicilio-de-san-bartolo-coyotepec","status":"publish","type":"noticias","link":"https:\/\/portal.fgeo.gob.mx\/index.php\/archivos\/noticias\/boletin-1276-fgeo-cumple-orden-de-cateo-junto-a-marina-y-defensa-como-parte-de-la-investigacion-por-homicidio-cateo-realizado-en-un-domicilio-de-san-bartolo-coyotepec","title":{"rendered":"BOLET\u00cdN 1,276.- FGEO cumple orden de cateo junto a Marina y DEFENSA, como parte de la investigaci\u00f3n por homicidio; cateo realizado en un domicilio de San Bartolo Coyotepec"},"content":{"rendered":"<p><strong>Oaxaca de Ju\u00e1rez, Oax., a 25 de febrero de 2025<\/strong>.- La Fiscal\u00eda General del Estado de Oaxaca (FGEO) despleg\u00f3 un equipo multidisciplinario en un domicilio ubicado en la localidad de Paraje la Colorada, en el municipio de San Bartolo Coyotepec, para dar cumplimiento a la orden de cateo que deriva de las labores ministeriales para esclarecer el delito de homicidio en agravio de un hombre que en vida respondi\u00f3 al nombre de I.S.C.<\/p>\n<p>Esta acci\u00f3n policial estuvo a cargo de la Fiscal\u00eda Especializada para la Atenci\u00f3n a Delitos de Alto Impacto, elementos de la Agencia Estatal de Investigaciones (AEI), en estrecha coordinaci\u00f3n con la Secretar\u00eda de la Defensa Nacional (SEDENA) y Guardia Nacional (GN).<\/p>\n<p>Como resultado de los trabajos periciales efectuados por la FGEO, en el lugar de intervenci\u00f3n, los agentes de investigaci\u00f3n hallaron diversos objetos e indicios, los cuales quedaron integrados como parte de las indagatorias para esclarecer este hecho delictivo.<\/p>\n<p>La Fiscal\u00eda de Oaxaca realiza investigaciones transversales para tomar en cuenta el contexto de las v\u00edctimas, adem\u00e1s que se basa en los resultados de los estudios periciales para tener certeza cient\u00edfica como parte de las labores de procuraci\u00f3n de justicia a favor de las v\u00edctimas.<\/p>\n<p><img fetchpriority=\"high\" decoding=\"async\" class=\"alignnone size-medium wp-image-8465\" src=\"https:\/\/portal.fgeo.gob.mx\/wp-content\/uploads\/2025\/02\/WhatsApp-Image-2025-02-25-at-2.59.07-PM-225x300.jpeg\" alt=\"\" width=\"225\" height=\"300\" \/><\/p>\n<p>&nbsp;<\/p>\n","protected":false},"author":2,"featured_media":8401,"comment_status":"closed","ping_status":"closed","template":"","tags":[],"categoria_noticias":[],"class_list":["post-16587","noticias","type-noticias","status-publish","has-post-thumbnail","hentry"],"acf":[],"mb":[],"mfb_rest_fields":["title","gutenberg_elementor_mode"],"_links":{"self":[{"href":"https:\/\/portal.fgeo.gob.mx\/index.php\/wp-json\/wp\/v2\/noticias\/16587","targetHints":{"allow":["GET"]}}],"collection":[{"href":"https:\/\/portal.fgeo.gob.mx\/index.php\/wp-json\/wp\/v2\/noticias"}],"about":[{"href":"https:\/\/portal.fgeo.gob.mx\/index.php\/wp-json\/wp\/v2\/types\/noticias"}],"author":[{"embeddable":true,"href":"https:\/\/portal.fgeo.gob.mx\/index.php\/wp-json\/wp\/v2\/users\/2"}],"replies":[{"embeddable":true,"href":"https:\/\/portal.fgeo.gob.mx\/index.php\/wp-json\/wp\/v2\/comments?post=16587"}],"wp:featuredmedia":[{"embeddable":true,"href":"https:\/\/portal.fgeo.gob.mx\/index.php\/wp-json\/"}],"wp:attachment":[{"href":"https:\/\/portal.fgeo.gob.mx\/index.php\/wp-json\/wp\/v2\/media?parent=16587"}],"wp:term":[{"taxonomy":"post_tag","embeddable":true,"href":"https:\/\/portal.fgeo.gob.mx\/index.php\/wp-json\/wp\/v2\/tags?post=16587"},{"taxonomy":"categoria_noticias","embeddable":true,"href":"https:\/\/portal.fgeo.gob.mx\/index.php\/wp-json\/wp\/v2\/categoria_noticias?post=16587"}],"curies":[{"name":"wp","href":"https:\/\/api.w.org\/{rel}","templated":true}]}}