{"id":16586,"date":"2025-02-25T14:01:37","date_gmt":"2025-02-25T20:01:37","guid":{"rendered":"https:\/\/fge.oaxaca.gob.mx\/?post_type=noticias&amp;p=8461"},"modified":"2025-02-25T14:01:37","modified_gmt":"2025-02-25T20:01:37","slug":"boletin-1275-fiscalia-de-oaxaca-intensifica-operativos-contra-narcomenudeo-en-la-costa-detienen-a-tres-personas-con-posesion","status":"publish","type":"noticias","link":"https:\/\/portal.fgeo.gob.mx\/index.php\/archivos\/noticias\/boletin-1275-fiscalia-de-oaxaca-intensifica-operativos-contra-narcomenudeo-en-la-costa-detienen-a-tres-personas-con-posesion","title":{"rendered":"Bolet\u00edn 1,275.- Fiscal\u00eda de Oaxaca intensifica operativos contra narcomenudeo en la Costa: detienen a tres personas con posesi\u00f3n"},"content":{"rendered":"<p><strong>Oaxaca de Ju\u00e1rez, Oax., a 25 de febrero de 2025<\/strong>.- Derivado de los trabajos de inteligencia, la Fiscal\u00eda General del Estado de Oaxaca (FGEO) detuvo en flagrancia a tres personas, entre ellas una mujer, identificadas como J.L.Z.P., R.G.M. y B.R.P., por el delito contra la salud en agravio de la sociedad, en hechos ocurridos en la regi\u00f3n de la Costa.<\/p>\n<p>La detenci\u00f3n se realiz\u00f3 en inmediaciones de Andr\u00e9s Huaxpaltepec y Santa Mar\u00eda Huazolotitl\u00e1n, en la regi\u00f3n de la Costa, cuando elementos de la Agencia Estatal de Investigaciones (AEI), al implementar recorridos como parte de la estrategia para la prevenci\u00f3n y disuasi\u00f3n de los delitos en la zona, observaron a tres personas que, al percatarse de la presencia policial, trataron de huir.<\/p>\n<p>En el lugar, J.L.Z.P., R.G.M. y B.R.P., mostraron una actitud sospechosa, por lo que se les efectu\u00f3 una inspecci\u00f3n de rutina, conforme a derecho.<\/p>\n<p>Los elementos de la AEI hallaron dentro de sus pertenencias diferentes dosis de sustancias similares a la droga conocida como cristal, adem\u00e1s de que les fueron aseguradas dos motocicletas sin placas de circulaci\u00f3n.<\/p>\n<p>Por estos hechos, fueron detenidos y presentados ante la autoridad del Ministerio P\u00fablico adscrito a la Vicefiscal\u00eda Regional de la Costa para resolver su situaci\u00f3n jur\u00eddica.<\/p>\n<p>Para la Fiscal\u00eda General de Oaxaca, el combate a la venta y distribuci\u00f3n de drogas, forma parte de la estrategia de seguridad que realizan para garantizar una eficaz procuraci\u00f3n de justicia en la entidad.<\/p>\n<p><img decoding=\"async\" class=\"alignnone size-medium wp-image-8462\" src=\"https:\/\/portal.fgeo.gob.mx\/wp-content\/uploads\/2025\/02\/WhatsApp-Image-2025-02-18-at-12.04.06-PM-300x152.jpeg\" alt=\"\" width=\"300\" height=\"152\" \/><\/p>\n","protected":false},"author":2,"featured_media":8401,"comment_status":"closed","ping_status":"closed","template":"","tags":[],"categoria_noticias":[],"class_list":["post-16586","noticias","type-noticias","status-publish","has-post-thumbnail","hentry"],"acf":[],"mb":[],"mfb_rest_fields":["title","gutenberg_elementor_mode"],"_links":{"self":[{"href":"https:\/\/portal.fgeo.gob.mx\/index.php\/wp-json\/wp\/v2\/noticias\/16586","targetHints":{"allow":["GET"]}}],"collection":[{"href":"https:\/\/portal.fgeo.gob.mx\/index.php\/wp-json\/wp\/v2\/noticias"}],"about":[{"href":"https:\/\/portal.fgeo.gob.mx\/index.php\/wp-json\/wp\/v2\/types\/noticias"}],"author":[{"embeddable":true,"href":"https:\/\/portal.fgeo.gob.mx\/index.php\/wp-json\/wp\/v2\/users\/2"}],"replies":[{"embeddable":true,"href":"https:\/\/portal.fgeo.gob.mx\/index.php\/wp-json\/wp\/v2\/comments?post=16586"}],"wp:featuredmedia":[{"embeddable":true,"href":"https:\/\/portal.fgeo.gob.mx\/index.php\/wp-json\/"}],"wp:attachment":[{"href":"https:\/\/portal.fgeo.gob.mx\/index.php\/wp-json\/wp\/v2\/media?parent=16586"}],"wp:term":[{"taxonomy":"post_tag","embeddable":true,"href":"https:\/\/portal.fgeo.gob.mx\/index.php\/wp-json\/wp\/v2\/tags?post=16586"},{"taxonomy":"categoria_noticias","embeddable":true,"href":"https:\/\/portal.fgeo.gob.mx\/index.php\/wp-json\/wp\/v2\/categoria_noticias?post=16586"}],"curies":[{"name":"wp","href":"https:\/\/api.w.org\/{rel}","templated":true}]}}