{"id":16584,"date":"2025-02-25T10:11:45","date_gmt":"2025-02-25T16:11:45","guid":{"rendered":"https:\/\/fge.oaxaca.gob.mx\/?post_type=noticias&amp;p=8456"},"modified":"2025-02-25T10:11:45","modified_gmt":"2025-02-25T16:11:45","slug":"boletin-1273-fiscalia-de-oaxaca-y-marina-detienen-a-uno-de-los-principales-narcomenudistas-en-el-istmo-de-tehuantepec","status":"publish","type":"noticias","link":"https:\/\/portal.fgeo.gob.mx\/index.php\/archivos\/noticias\/boletin-1273-fiscalia-de-oaxaca-y-marina-detienen-a-uno-de-los-principales-narcomenudistas-en-el-istmo-de-tehuantepec","title":{"rendered":"BOLET\u00cdN 1,273.- Fiscal\u00eda de Oaxaca y Marina detienen a uno de los principales narcomenudistas en el Istmo de Tehuantepec"},"content":{"rendered":"<p><strong>Oaxaca de Ju\u00e1rez, Oax., a 25 de febrero de 2025<\/strong>.- Como resultado de los trabajos coordinados de inteligencia criminal y en operativos focalizados en el Istmo de Tehuantepec entre la Fiscal\u00eda General del Estado de Oaxaca\u00a0 (FGEO) y la Secretar\u00eda de Marina, se logr\u00f3 la detenci\u00f3n de C. A. V. V., alias \u201cLa Parka\u201d, identificado como uno de los principales distribuidores de drogas en la regi\u00f3n.<\/p>\n<p>Los hechos ocurrieron en calles de Juchit\u00e1n de Zaragoza, donde se implement\u00f3 un operativo conjunto entre FGEO y SEMAR, gracias al cual localizaron al objetivo prioritario quien fue detenido en flagrancia.<\/p>\n<p>Luego de su captura, C. A. V. V., alias \u201cLa Parka\u201d, fue puesto a disposici\u00f3n de la autoridad correspondiente por el delito contra la salud en su modalidad de narcomenudeo en su hip\u00f3tesis de posesi\u00f3n con fines de comercio agravado.<\/p>\n<p>Derivado de los trabajos de inteligencia criminal con el objetivo de combatir el fen\u00f3meno delictivo en la zona, se logr\u00f3 establecer que C. A. V. V., alias \u201cLa Parka\u201d, tiene varias investigaciones en su contra por diversos delitos atribuidos a una c\u00e9lula delictiva local.<\/p>\n<p>Las labores coordinadas que lleva a cabo la Fiscal\u00eda de Oaxaca, junto con diferentes instancias federales, ha permitido la detenci\u00f3n de objetivos prioritarios en la regi\u00f3n del Istmo, al considerarlos generadores de violencia en la zona.<img decoding=\"async\" class=\"alignnone size-medium wp-image-8457\" src=\"https:\/\/portal.fgeo.gob.mx\/wp-content\/uploads\/2025\/02\/Dise%C3%B1o-sin-t%C3%ADtulo-23-300x130.jpg\" alt=\"\" width=\"300\" height=\"130\" \/><\/p>\n","protected":false},"author":2,"featured_media":8401,"comment_status":"closed","ping_status":"closed","template":"","tags":[],"categoria_noticias":[],"class_list":["post-16584","noticias","type-noticias","status-publish","has-post-thumbnail","hentry"],"acf":[],"mb":[],"mfb_rest_fields":["title","gutenberg_elementor_mode"],"_links":{"self":[{"href":"https:\/\/portal.fgeo.gob.mx\/index.php\/wp-json\/wp\/v2\/noticias\/16584","targetHints":{"allow":["GET"]}}],"collection":[{"href":"https:\/\/portal.fgeo.gob.mx\/index.php\/wp-json\/wp\/v2\/noticias"}],"about":[{"href":"https:\/\/portal.fgeo.gob.mx\/index.php\/wp-json\/wp\/v2\/types\/noticias"}],"author":[{"embeddable":true,"href":"https:\/\/portal.fgeo.gob.mx\/index.php\/wp-json\/wp\/v2\/users\/2"}],"replies":[{"embeddable":true,"href":"https:\/\/portal.fgeo.gob.mx\/index.php\/wp-json\/wp\/v2\/comments?post=16584"}],"wp:featuredmedia":[{"embeddable":true,"href":"https:\/\/portal.fgeo.gob.mx\/index.php\/wp-json\/"}],"wp:attachment":[{"href":"https:\/\/portal.fgeo.gob.mx\/index.php\/wp-json\/wp\/v2\/media?parent=16584"}],"wp:term":[{"taxonomy":"post_tag","embeddable":true,"href":"https:\/\/portal.fgeo.gob.mx\/index.php\/wp-json\/wp\/v2\/tags?post=16584"},{"taxonomy":"categoria_noticias","embeddable":true,"href":"https:\/\/portal.fgeo.gob.mx\/index.php\/wp-json\/wp\/v2\/categoria_noticias?post=16584"}],"curies":[{"name":"wp","href":"https:\/\/api.w.org\/{rel}","templated":true}]}}