{"id":16582,"date":"2025-02-24T13:00:31","date_gmt":"2025-02-24T19:00:31","guid":{"rendered":"https:\/\/fge.oaxaca.gob.mx\/?post_type=noticias&amp;p=8452"},"modified":"2025-02-24T13:00:31","modified_gmt":"2025-02-24T19:00:31","slug":"boletin-1271-fiscalia-de-oaxaca-solicita-vinculacion-a-proceso-contra-imputado-por-tentativa-de-homicidio-ocurrido-en-la-region-mixteca","status":"publish","type":"noticias","link":"https:\/\/portal.fgeo.gob.mx\/index.php\/archivos\/noticias\/boletin-1271-fiscalia-de-oaxaca-solicita-vinculacion-a-proceso-contra-imputado-por-tentativa-de-homicidio-ocurrido-en-la-region-mixteca","title":{"rendered":"BOLET\u00cdN 1,271.- Fiscal\u00eda de Oaxaca solicita vinculaci\u00f3n a proceso contra imputado por tentativa de homicidio ocurrido en la regi\u00f3n Mixteca"},"content":{"rendered":"<p><strong>Oaxaca de Ju\u00e1rez, Oax., a 24 de febrero de 2025<\/strong>.- La Fiscal\u00eda General del Estado de Oaxaca (FGEO) solicit\u00f3 el auto de vinculaci\u00f3n a proceso en contra de una persona del sexo masculino identificado como C.O., imputado por el delito de Homicidio Calificado en grado de Tentativa en agravio de M.O.M., cometido en la regi\u00f3n de la Mixteca.<\/p>\n<p>De acuerdo con el expediente penal del caso, los hechos ocurrieron el 16 de febrero de 2025, en un domicilio de la poblaci\u00f3n de la Ci\u00e9nega perteneciente al municipio de San Juan Bautista Coixtlahuaca, lugar donde el imputado atac\u00f3 con disparos de arma de fuego a la v\u00edctima (su hijo) de iniciales M.O.M., caus\u00e1ndole lesiones que pusieron en peligro su vida.<\/p>\n<p>La investigaci\u00f3n detalla que, derivado de estos hechos, Agentes Estatales de Investigaci\u00f3n (AEI) acudieron al llamado de auxilio y procedieron a la detenci\u00f3n del hoy imputado a quien aseguraron un arma de fuego, por lo que C.O. fue puesto a disposici\u00f3n de la autoridad ministerial.<\/p>\n<p>Luego de la primera audiencia y, gracias a las investigaciones iniciales realizadas por la Fiscal\u00eda de Oaxaca, el Juez que atiende la causa determin\u00f3 como legal la detenci\u00f3n y comunic\u00f3 la imputaci\u00f3n, por lo que el Ministerio P\u00fablico solicit\u00f3 auto de vinculaci\u00f3n a proceso en contra de C.O., que qued\u00f3 en prisi\u00f3n preventiva en tanto se resuelve su situaci\u00f3n legal.<\/p>\n<p>El trabajo de la Fiscal\u00eda tiene como objetivo procurar justicia para que las v\u00edctimas directas e indirectas de delitos puedan obtener reparaci\u00f3n integral del da\u00f1o.<\/p>\n<p><img fetchpriority=\"high\" decoding=\"async\" class=\"size-medium wp-image-8453\" src=\"https:\/\/portal.fgeo.gob.mx\/wp-content\/uploads\/2025\/02\/Dise%C3%B1o-sin-t%C3%ADtulo-22-300x222.jpg\" alt=\"\" width=\"300\" height=\"222\" \/><\/p>\n","protected":false},"author":2,"featured_media":8401,"comment_status":"closed","ping_status":"closed","template":"","tags":[],"categoria_noticias":[],"class_list":["post-16582","noticias","type-noticias","status-publish","has-post-thumbnail","hentry"],"acf":[],"mb":[],"mfb_rest_fields":["title","gutenberg_elementor_mode"],"_links":{"self":[{"href":"https:\/\/portal.fgeo.gob.mx\/index.php\/wp-json\/wp\/v2\/noticias\/16582","targetHints":{"allow":["GET"]}}],"collection":[{"href":"https:\/\/portal.fgeo.gob.mx\/index.php\/wp-json\/wp\/v2\/noticias"}],"about":[{"href":"https:\/\/portal.fgeo.gob.mx\/index.php\/wp-json\/wp\/v2\/types\/noticias"}],"author":[{"embeddable":true,"href":"https:\/\/portal.fgeo.gob.mx\/index.php\/wp-json\/wp\/v2\/users\/2"}],"replies":[{"embeddable":true,"href":"https:\/\/portal.fgeo.gob.mx\/index.php\/wp-json\/wp\/v2\/comments?post=16582"}],"wp:featuredmedia":[{"embeddable":true,"href":"https:\/\/portal.fgeo.gob.mx\/index.php\/wp-json\/"}],"wp:attachment":[{"href":"https:\/\/portal.fgeo.gob.mx\/index.php\/wp-json\/wp\/v2\/media?parent=16582"}],"wp:term":[{"taxonomy":"post_tag","embeddable":true,"href":"https:\/\/portal.fgeo.gob.mx\/index.php\/wp-json\/wp\/v2\/tags?post=16582"},{"taxonomy":"categoria_noticias","embeddable":true,"href":"https:\/\/portal.fgeo.gob.mx\/index.php\/wp-json\/wp\/v2\/categoria_noticias?post=16582"}],"curies":[{"name":"wp","href":"https:\/\/api.w.org\/{rel}","templated":true}]}}