{"id":16578,"date":"2025-02-20T09:45:14","date_gmt":"2025-02-20T15:45:14","guid":{"rendered":"https:\/\/fge.oaxaca.gob.mx\/?post_type=noticias&amp;p=8434"},"modified":"2025-02-20T09:45:14","modified_gmt":"2025-02-20T15:45:14","slug":"boletin-1265-fiscalia-de-oaxaca-aprehende-a-una-persona-por-homicidio-calificado-cometido-en-el-valle-de-etla","status":"publish","type":"noticias","link":"https:\/\/portal.fgeo.gob.mx\/index.php\/archivos\/noticias\/boletin-1265-fiscalia-de-oaxaca-aprehende-a-una-persona-por-homicidio-calificado-cometido-en-el-valle-de-etla","title":{"rendered":"BOLET\u00cdN 1265.- Fiscal\u00eda de Oaxaca aprehende a una persona por homicidio calificado, cometido en el valle de Etla"},"content":{"rendered":"<p><strong>Oaxaca de Ju\u00e1rez, Oax. \u00a020 de febrero de 2025.- <\/strong>\u00a0La Fiscal\u00eda General del Estado de Oaxaca (FGEO) ejecut\u00f3 una orden de aprehensi\u00f3n en contra de una persona del sexo masculino identificado como R.R.V., por los delitos de homicidio calificado con la agravante de ventaja y lesiones calificadas, en perjuicio de J.P.M., I.S.R., y S.M.L., ocurridos en la regi\u00f3n de los Valles Centrales.<\/p>\n<p>De acuerdo con el expediente penal del caso, el\u00a0 04 de abril de 2011, en una comunidad del valle de Etla donde se celebraba una reuni\u00f3n con autoridades de Bienes Comunales, las v\u00edctimas fueron atacadas con piedras, infligiendo lesiones que le provocaron la muerte a J.P.M, mientras que I.S.R. y S.M.L., resultaron con diversas heridas.<\/p>\n<p>Ante estos hechos, la Fiscal\u00eda General del Estado de Oaxaca a trav\u00e9s de la Vicefiscal\u00eda Regional de Valles Centrales, realiz\u00f3 las investigaciones correspondientes que permitieron obtener una orden de aprehensi\u00f3n y posteriormente, la detenci\u00f3n en contra de R.R.V., por el delito de homicidio calificado con la agravante de ventaja y lesiones calificadas, por lo que fue llevado ante el ministerio p\u00fablico para su proceso legal correspondiente.<\/p>\n<p>La Fiscal\u00eda General garantiza investigaciones exhaustivas para esclarecer delitos, aplicando las herramientas legales para castigar a quien o quienes resulten responsables.<\/p>\n<p><img fetchpriority=\"high\" decoding=\"async\" class=\"alignnone size-medium wp-image-8435\" src=\"https:\/\/portal.fgeo.gob.mx\/wp-content\/uploads\/2025\/02\/BOLET%C3%8DN-1265.-Fiscal%C3%ADa-de-Oaxaca-aprehende-a-una-persona-por-homicidio-calificado-cometido-en-el-valle-de-Etla_page-0001-232x300.jpg\" alt=\"\" width=\"232\" height=\"300\" \/><\/p>\n<p>&nbsp;<\/p>\n","protected":false},"author":2,"featured_media":8401,"comment_status":"closed","ping_status":"closed","template":"","tags":[],"categoria_noticias":[],"class_list":["post-16578","noticias","type-noticias","status-publish","has-post-thumbnail","hentry"],"acf":[],"mb":[],"mfb_rest_fields":["title","gutenberg_elementor_mode"],"_links":{"self":[{"href":"https:\/\/portal.fgeo.gob.mx\/index.php\/wp-json\/wp\/v2\/noticias\/16578","targetHints":{"allow":["GET"]}}],"collection":[{"href":"https:\/\/portal.fgeo.gob.mx\/index.php\/wp-json\/wp\/v2\/noticias"}],"about":[{"href":"https:\/\/portal.fgeo.gob.mx\/index.php\/wp-json\/wp\/v2\/types\/noticias"}],"author":[{"embeddable":true,"href":"https:\/\/portal.fgeo.gob.mx\/index.php\/wp-json\/wp\/v2\/users\/2"}],"replies":[{"embeddable":true,"href":"https:\/\/portal.fgeo.gob.mx\/index.php\/wp-json\/wp\/v2\/comments?post=16578"}],"wp:featuredmedia":[{"embeddable":true,"href":"https:\/\/portal.fgeo.gob.mx\/index.php\/wp-json\/"}],"wp:attachment":[{"href":"https:\/\/portal.fgeo.gob.mx\/index.php\/wp-json\/wp\/v2\/media?parent=16578"}],"wp:term":[{"taxonomy":"post_tag","embeddable":true,"href":"https:\/\/portal.fgeo.gob.mx\/index.php\/wp-json\/wp\/v2\/tags?post=16578"},{"taxonomy":"categoria_noticias","embeddable":true,"href":"https:\/\/portal.fgeo.gob.mx\/index.php\/wp-json\/wp\/v2\/categoria_noticias?post=16578"}],"curies":[{"name":"wp","href":"https:\/\/api.w.org\/{rel}","templated":true}]}}