{"id":16577,"date":"2025-02-19T16:03:54","date_gmt":"2025-02-19T22:03:54","guid":{"rendered":"https:\/\/fge.oaxaca.gob.mx\/?post_type=noticias&amp;p=8431"},"modified":"2025-02-19T16:03:54","modified_gmt":"2025-02-19T22:03:54","slug":"boletin-1264-fiscalia-de-oaxaca-realiza-cateo-en-san-felipe-usila-y-aprehende-a-una-persona-por-homicidio","status":"publish","type":"noticias","link":"https:\/\/portal.fgeo.gob.mx\/index.php\/archivos\/noticias\/boletin-1264-fiscalia-de-oaxaca-realiza-cateo-en-san-felipe-usila-y-aprehende-a-una-persona-por-homicidio","title":{"rendered":"BOLET\u00cdN 1,264.- Fiscal\u00eda de Oaxaca realiza cateo en San Felipe Usila y aprehende a una persona por Homicidio"},"content":{"rendered":"<p><strong>Oaxaca de Ju\u00e1rez a 19 de febrero de 2025.-<\/strong> La Fiscal\u00eda General del Estado de Oaxaca (FGEO) despleg\u00f3 a un equipo t\u00e1ctico de la Agencia Estatal de Investigaciones (AEI) para realizar un cateo en un domicilio de San Felipe Usila, en la regi\u00f3n de la Cuenca del Papaloapan, con el objetivo de dar cumplimiento a una orden de aprehensi\u00f3n en contra de una persona identificada como A.M.F., por el delito de homicidio calificado con ventaja en agravio de H.G.V.<\/p>\n<p>De acuerdo con el expediente penal, los hechos ocurrieron el 25 de septiembre de 2024, cuando la v\u00edctima se encontraba en un establecimiento ubicado en el municipio de San Felipe Usila, a donde llegaron sus agresores, quienes lo agredieron con una navaja, caus\u00e1ndole lesiones en diferentes partes del cuerpo que provocaron su muerte.<\/p>\n<p>Ante los hechos, la Fiscal\u00eda de Oaxaca inici\u00f3 las investigaciones que quedaron a cargo de la Vicefiscal\u00eda Regional de la Cuenca, las cuales permitieron obtener una orden de aprehensi\u00f3n en contra de A.M.F., la cual fue ejecutada por Agentes Estatales de investigaci\u00f3n, en un domicilio ubicado en el municipio de San Felipe Usila, perteneciente al distrito de Tuxtepec.<\/p>\n<p>Derivado del mandato judicial, se logr\u00f3 la detenci\u00f3n de A.M.F., quien fue puesto a disposici\u00f3n de la autoridad para su proceso legal correspondiente.<\/p>\n<p>La actuaci\u00f3n ministerial respaldada con los resultados de las pruebas cient\u00edficas y periciales que realiza la Fiscal\u00eda de Oaxaca, a trav\u00e9s de las diferentes \u00e1reas de especializaci\u00f3n, hacen m\u00e1s eficientes las labores en torno a la procuraci\u00f3n de justicia a favor de las v\u00edctimas.<\/p>\n<p><img fetchpriority=\"high\" decoding=\"async\" class=\"alignnone size-medium wp-image-8432\" src=\"https:\/\/portal.fgeo.gob.mx\/wp-content\/uploads\/2025\/02\/Dise%C3%B1o-sin-t%C3%ADtulo-20-268x300.jpg\" alt=\"\" width=\"268\" height=\"300\" \/><\/p>\n<p>&nbsp;<\/p>\n","protected":false},"author":2,"featured_media":8401,"comment_status":"closed","ping_status":"closed","template":"","tags":[],"categoria_noticias":[],"class_list":["post-16577","noticias","type-noticias","status-publish","has-post-thumbnail","hentry"],"acf":[],"mb":[],"mfb_rest_fields":["title","gutenberg_elementor_mode"],"_links":{"self":[{"href":"https:\/\/portal.fgeo.gob.mx\/index.php\/wp-json\/wp\/v2\/noticias\/16577","targetHints":{"allow":["GET"]}}],"collection":[{"href":"https:\/\/portal.fgeo.gob.mx\/index.php\/wp-json\/wp\/v2\/noticias"}],"about":[{"href":"https:\/\/portal.fgeo.gob.mx\/index.php\/wp-json\/wp\/v2\/types\/noticias"}],"author":[{"embeddable":true,"href":"https:\/\/portal.fgeo.gob.mx\/index.php\/wp-json\/wp\/v2\/users\/2"}],"replies":[{"embeddable":true,"href":"https:\/\/portal.fgeo.gob.mx\/index.php\/wp-json\/wp\/v2\/comments?post=16577"}],"wp:featuredmedia":[{"embeddable":true,"href":"https:\/\/portal.fgeo.gob.mx\/index.php\/wp-json\/"}],"wp:attachment":[{"href":"https:\/\/portal.fgeo.gob.mx\/index.php\/wp-json\/wp\/v2\/media?parent=16577"}],"wp:term":[{"taxonomy":"post_tag","embeddable":true,"href":"https:\/\/portal.fgeo.gob.mx\/index.php\/wp-json\/wp\/v2\/tags?post=16577"},{"taxonomy":"categoria_noticias","embeddable":true,"href":"https:\/\/portal.fgeo.gob.mx\/index.php\/wp-json\/wp\/v2\/categoria_noticias?post=16577"}],"curies":[{"name":"wp","href":"https:\/\/api.w.org\/{rel}","templated":true}]}}