{"id":16572,"date":"2025-02-18T10:03:20","date_gmt":"2025-02-18T16:03:20","guid":{"rendered":"https:\/\/fge.oaxaca.gob.mx\/?post_type=noticias&amp;p=8419"},"modified":"2025-02-18T10:03:20","modified_gmt":"2025-02-18T16:03:20","slug":"boletin-1259-fiscalia-de-oaxaca-solicita-vinculacion-a-proceso-en-contra-de-imputado-por-homicidio-ocurrido-en-cuilapam-de-guerrero","status":"publish","type":"noticias","link":"https:\/\/portal.fgeo.gob.mx\/index.php\/archivos\/noticias\/boletin-1259-fiscalia-de-oaxaca-solicita-vinculacion-a-proceso-en-contra-de-imputado-por-homicidio-ocurrido-en-cuilapam-de-guerrero","title":{"rendered":"BOLET\u00cdN 1,259.- Fiscal\u00eda de Oaxaca solicita vinculaci\u00f3n a proceso en contra de imputado por homicidio ocurrido en Cuil\u00e1pam de Guerrero"},"content":{"rendered":"<p>&nbsp;<\/p>\n<p>*Agresi\u00f3n cometida por varios integrantes de una pandilla (cholos) de la zona, la cual fue captada en video y difundida en diversos medios digitales<\/p>\n<p><strong>Oaxaca de Ju\u00e1rez a 18 de febrero de 2025.-<\/strong> La Fiscal\u00eda General del Estado de Oaxaca (FGEO) solicit\u00f3 el auto de vinculaci\u00f3n a proceso en contra de una persona del sexo masculino identificada como G.R.R., por el delito de Homicidio, cometido en el municipio de Cuil\u00e1pam de Guerrero, hecho que qued\u00f3 registrado en diferentes videos que se publicaron en diversas plataformas digitales.<\/p>\n<p>De acuerdo con el expediente penal del caso, los hechos ocurrieron el 28 de diciembre de 2024, sobre el bulevar Escuela M\u00e9dico Militar, frente a una gasolinera del municipio de Cuil\u00e1pam de Guerrero, donde varias personas, que de acuerdo a las investigaciones son integrantes de una pandilla (cholos) de la zona, agredieron a la v\u00edctima identificada como C.D.C.P., quien perdi\u00f3 la vida a consecuencia de las lesiones infligidas.<\/p>\n<p>Por la anterior, el caso qued\u00f3 a cargo de la Fiscal\u00eda Especializada para la Atenci\u00f3n a Delitos de Alto Impacto que logr\u00f3 trazar las l\u00edneas de investigaci\u00f3n que permitieron la obtenci\u00f3n y posterior ejecuci\u00f3n de una orden de aprehensi\u00f3n en contra de G.R.R., quien fue puesto a disposici\u00f3n de la autoridad ministerial correspondiente.<\/p>\n<p>Luego de la primera audiencia y, gracias a las investigaciones iniciales realizadas por la Fiscal\u00eda de Oaxaca, el Juez que atiende la causa comunic\u00f3 la imputaci\u00f3n y el Ministerio P\u00fablico solicit\u00f3 auto de vinculaci\u00f3n a proceso en contra del imputado que qued\u00f3 en prisi\u00f3n preventiva.<\/p>\n<p>El trabajo de la Fiscal\u00eda tiene como objetivo procurar justicia para que las v\u00edctimas directas e indirectas de delitos puedan obtener reparaci\u00f3n integral del da\u00f1o.<\/p>\n<figure id=\"attachment_8420\" aria-describedby=\"caption-attachment-8420\" style=\"width: 300px\" class=\"wp-caption alignnone\"><img decoding=\"async\" class=\"size-medium wp-image-8420\" src=\"https:\/\/portal.fgeo.gob.mx\/wp-content\/uploads\/2025\/02\/Dise%C3%B1o-sin-t%C3%ADtulo-16-300x107.jpg\" alt=\"\" width=\"300\" height=\"107\" \/><figcaption id=\"caption-attachment-8420\" class=\"wp-caption-text\">Dise\u00f1o sin t\u00edtulo &#8211; 1<\/figcaption><\/figure>\n","protected":false},"author":2,"featured_media":8401,"comment_status":"closed","ping_status":"closed","template":"","tags":[],"categoria_noticias":[],"class_list":["post-16572","noticias","type-noticias","status-publish","has-post-thumbnail","hentry"],"acf":[],"mb":[],"mfb_rest_fields":["title","gutenberg_elementor_mode"],"_links":{"self":[{"href":"https:\/\/portal.fgeo.gob.mx\/index.php\/wp-json\/wp\/v2\/noticias\/16572","targetHints":{"allow":["GET"]}}],"collection":[{"href":"https:\/\/portal.fgeo.gob.mx\/index.php\/wp-json\/wp\/v2\/noticias"}],"about":[{"href":"https:\/\/portal.fgeo.gob.mx\/index.php\/wp-json\/wp\/v2\/types\/noticias"}],"author":[{"embeddable":true,"href":"https:\/\/portal.fgeo.gob.mx\/index.php\/wp-json\/wp\/v2\/users\/2"}],"replies":[{"embeddable":true,"href":"https:\/\/portal.fgeo.gob.mx\/index.php\/wp-json\/wp\/v2\/comments?post=16572"}],"wp:featuredmedia":[{"embeddable":true,"href":"https:\/\/portal.fgeo.gob.mx\/index.php\/wp-json\/"}],"wp:attachment":[{"href":"https:\/\/portal.fgeo.gob.mx\/index.php\/wp-json\/wp\/v2\/media?parent=16572"}],"wp:term":[{"taxonomy":"post_tag","embeddable":true,"href":"https:\/\/portal.fgeo.gob.mx\/index.php\/wp-json\/wp\/v2\/tags?post=16572"},{"taxonomy":"categoria_noticias","embeddable":true,"href":"https:\/\/portal.fgeo.gob.mx\/index.php\/wp-json\/wp\/v2\/categoria_noticias?post=16572"}],"curies":[{"name":"wp","href":"https:\/\/api.w.org\/{rel}","templated":true}]}}