{"id":16571,"date":"2025-02-17T19:15:49","date_gmt":"2025-02-18T01:15:49","guid":{"rendered":"https:\/\/fge.oaxaca.gob.mx\/?post_type=noticias&amp;p=8406"},"modified":"2025-02-17T19:15:49","modified_gmt":"2025-02-18T01:15:49","slug":"boletin-1258-programa-fiscalia-en-tu-comunidad-coadyuva-a-la-construccion-de-comunidades-mas-seguras-fiscal-bernardo-rodriguez-alamilla","status":"publish","type":"noticias","link":"https:\/\/portal.fgeo.gob.mx\/index.php\/archivos\/noticias\/boletin-1258-programa-fiscalia-en-tu-comunidad-coadyuva-a-la-construccion-de-comunidades-mas-seguras-fiscal-bernardo-rodriguez-alamilla","title":{"rendered":"BOLET\u00cdN 1258.- Programa \u201cFiscal\u00eda en tu comunidad\u201d coadyuva a la construcci\u00f3n de comunidades m\u00e1s seguras: Fiscal Bernardo Rodr\u00edguez Alamilla"},"content":{"rendered":"<p><strong>Oaxaca de Ju\u00e1rez a \u00a017 de febrero \u00a0de 2025.-<\/strong>\u00a0 Durante el arranque de la jornada del programa de proximidad social \u201cFiscal\u00eda en tu comunidad\u201d que se llev\u00f3 a cabo en el municipio de la Ci\u00e9nega Zimatl\u00e1n, el Fiscal General del Estado de Oaxaca, Bernardo Rodr\u00edguez Alamilla, resalt\u00f3 que desde la instituci\u00f3n procuradora de justicia se aplican estrategias en colaboraci\u00f3n con las autoridades municipales que permitan construir comunidades m\u00e1s seguras.<\/p>\n<p>Durante el acto inaugural en el que estuvieron presentes el presidente municipal Pawel Celaya Arellanes; la s\u00edndica municipal, Mar\u00eda Guadalupe Arredondo M\u00e9ndez; la regidora de seguridad Rosa Gloria Mendez Valent\u00edn; el Fiscal de Oaxaca Bernardo Rodr\u00edguez\u00a0 explic\u00f3 que el programa \u201cFiscal\u00eda en tu Comunidad\u201d acerca los servicios de la instituci\u00f3n, adem\u00e1s de ser un canal por medio del cual se pueden establecer v\u00ednculos con las autoridades municipales que permitan realizar acciones conjuntas en materia de combate al delito.<\/p>\n<p>A\u00f1adi\u00f3 que, con este programa, la Fiscal\u00eda General del Estado de Oaxaca (FGEO) tiene entre sus prioridades fortalecer las capacidades de las y los elementos de la polic\u00eda municipal, pues les acerca informaci\u00f3n \u00fatil que les permita mejorar sus procesos de intervenci\u00f3n como primeros respondientes, por ello, se les capacita en materia del llenado del Informe Policial Homologado.<\/p>\n<p>Adem\u00e1s, permite promover e impulsar acciones preventivas, lo que es una prioridad dentro de la Fiscal\u00eda de Oaxaca, pues es mejor evitar delitos que sancionarlos, ya que una vez ocurridos hay una afectaci\u00f3n no solo a las v\u00edctimas directas, sino a la sociedad, por ello, se busca atender el fen\u00f3meno desde la perspectiva correctiva, as\u00ed como la preventiva, lo que permitir\u00e1 disminuir la incidencia delictiva.<\/p>\n<p>El Fiscal de Oaxaca, Bernardo Rodr\u00edguez Alamilla destac\u00f3 el trabajo que se realiza en instituciones educativas como, en el Instituto de Estudios de Bachilleratos del Estado de Oaxaca n\u00famero 112, lugar en el que se acerca informaci\u00f3n a las y los j\u00f3venes respecto a la prevenci\u00f3n del delito y la violencia como una forma de prevenir e inhibir conductas delictivas.<\/p>\n<p>Por su parte, el presidente municipal Pawel Celaya Arellanes se\u00f1al\u00f3 que para las autoridades municipales poder tener este contacto cercano y continuo con instancias como la Fiscal\u00eda General del Estado de Oaxaca les permite adquirir herramientas para fortalecer sus acciones y mejorar su trabajo en servicio de sus comunidades, por medio de procesos de capacitaci\u00f3n que les permita atender lo mejor los posible hechos delictivos en su municipio.<\/p>\n<p>El programa de proximidad social \u201cFiscal\u00eda en tu Comunidad\u201d, la FGEO brinda capacitaci\u00f3n en temas como Informe Policial Homologado y Primer Respondiente, el Procesos de atenci\u00f3n del Centro de Justicia para Mujeres, as\u00ed como temas de prevenci\u00f3n del delito en adolescentes enfocado especialmente a su relaci\u00f3n con el consumo de alcohol y drogas, adem\u00e1s de prevenci\u00f3n del abuso sexual en ni\u00f1as, ni\u00f1os y adolescentes.<\/p>\n<p><img fetchpriority=\"high\" decoding=\"async\" class=\"alignnone size-medium wp-image-8407\" src=\"https:\/\/portal.fgeo.gob.mx\/wp-content\/uploads\/2025\/02\/BOLET%C3%8DN-1258.-Programa-%E2%80%9CFiscal%C3%ADa-en-tu-comunidad%E2%80%9D-coadyuva-a-la-construcci%C3%B3n-de-comunidades-m%C3%A1s-seguras-Fiscal-Bernardo-Rodr%C3%ADguez-Alamilla_page-0001-232x300.jpg\" alt=\"\" width=\"232\" height=\"300\" \/> <img decoding=\"async\" class=\"alignnone size-medium wp-image-8408\" src=\"https:\/\/portal.fgeo.gob.mx\/wp-content\/uploads\/2025\/02\/BOLET%C3%8DN-1258.-Programa-%E2%80%9CFiscal%C3%ADa-en-tu-comunidad%E2%80%9D-coadyuva-a-la-construcci%C3%B3n-de-comunidades-m%C3%A1s-seguras-Fiscal-Bernardo-Rodr%C3%ADguez-Alamilla11-300x200.jpeg\" alt=\"\" width=\"300\" height=\"200\" \/> <img decoding=\"async\" class=\"alignnone size-medium wp-image-8409\" src=\"https:\/\/portal.fgeo.gob.mx\/wp-content\/uploads\/2025\/02\/BOLET%C3%8DN-1258.-Programa-%E2%80%9CFiscal%C3%ADa-en-tu-comunidad%E2%80%9D-coadyuva-a-la-construcci%C3%B3n-de-comunidades-m%C3%A1s-seguras-Fiscal-Bernardo-Rodr%C3%ADguez-Alamilla10-300x200.jpeg\" alt=\"\" width=\"300\" height=\"200\" \/> <img loading=\"lazy\" decoding=\"async\" class=\"alignnone size-medium wp-image-8410\" src=\"https:\/\/portal.fgeo.gob.mx\/wp-content\/uploads\/2025\/02\/BOLET%C3%8DN-1258.-Programa-%E2%80%9CFiscal%C3%ADa-en-tu-comunidad%E2%80%9D-coadyuva-a-la-construcci%C3%B3n-de-comunidades-m%C3%A1s-seguras-Fiscal-Bernardo-Rodr%C3%ADguez-Alamilla9-300x200.jpeg\" alt=\"\" width=\"300\" height=\"200\" \/> <img loading=\"lazy\" decoding=\"async\" class=\"alignnone size-medium wp-image-8411\" src=\"https:\/\/portal.fgeo.gob.mx\/wp-content\/uploads\/2025\/02\/BOLET%C3%8DN-1258.-Programa-%E2%80%9CFiscal%C3%ADa-en-tu-comunidad%E2%80%9D-coadyuva-a-la-construcci%C3%B3n-de-comunidades-m%C3%A1s-seguras-Fiscal-Bernardo-Rodr%C3%ADguez-Alamilla8-300x200.jpeg\" alt=\"\" width=\"300\" height=\"200\" \/> <img loading=\"lazy\" decoding=\"async\" class=\"alignnone size-medium wp-image-8412\" src=\"https:\/\/portal.fgeo.gob.mx\/wp-content\/uploads\/2025\/02\/BOLET%C3%8DN-1258.-Programa-%E2%80%9CFiscal%C3%ADa-en-tu-comunidad%E2%80%9D-coadyuva-a-la-construcci%C3%B3n-de-comunidades-m%C3%A1s-seguras-Fiscal-Bernardo-Rodr%C3%ADguez-Alamilla7-300x203.jpeg\" alt=\"\" width=\"300\" height=\"203\" \/> <img loading=\"lazy\" decoding=\"async\" class=\"alignnone size-medium wp-image-8413\" src=\"https:\/\/portal.fgeo.gob.mx\/wp-content\/uploads\/2025\/02\/BOLET%C3%8DN-1258.-Programa-%E2%80%9CFiscal%C3%ADa-en-tu-comunidad%E2%80%9D-coadyuva-a-la-construcci%C3%B3n-de-comunidades-m%C3%A1s-seguras-Fiscal-Bernardo-Rodr%C3%ADguez-Alamilla6-300x200.jpeg\" alt=\"\" width=\"300\" height=\"200\" \/> <img loading=\"lazy\" decoding=\"async\" class=\"alignnone size-medium wp-image-8414\" src=\"https:\/\/portal.fgeo.gob.mx\/wp-content\/uploads\/2025\/02\/BOLET%C3%8DN-1258.-Programa-%E2%80%9CFiscal%C3%ADa-en-tu-comunidad%E2%80%9D-coadyuva-a-la-construcci%C3%B3n-de-comunidades-m%C3%A1s-seguras-Fiscal-Bernardo-Rodr%C3%ADguez-Alamilla5-300x200.jpeg\" alt=\"\" width=\"300\" height=\"200\" \/> <img loading=\"lazy\" decoding=\"async\" class=\"alignnone size-medium wp-image-8415\" src=\"https:\/\/portal.fgeo.gob.mx\/wp-content\/uploads\/2025\/02\/BOLET%C3%8DN-1258.-Programa-%E2%80%9CFiscal%C3%ADa-en-tu-comunidad%E2%80%9D-coadyuva-a-la-construcci%C3%B3n-de-comunidades-m%C3%A1s-seguras-Fiscal-Bernardo-Rodr%C3%ADguez-Alamilla4-300x229.jpeg\" alt=\"\" width=\"300\" height=\"229\" \/> <img loading=\"lazy\" decoding=\"async\" class=\"alignnone size-medium wp-image-8416\" src=\"https:\/\/portal.fgeo.gob.mx\/wp-content\/uploads\/2025\/02\/BOLET%C3%8DN-1258.-Programa-%E2%80%9CFiscal%C3%ADa-en-tu-comunidad%E2%80%9D-coadyuva-a-la-construcci%C3%B3n-de-comunidades-m%C3%A1s-seguras-Fiscal-Bernardo-Rodr%C3%ADguez-Alamilla3-300x200.jpeg\" alt=\"\" width=\"300\" height=\"200\" \/> <img loading=\"lazy\" decoding=\"async\" class=\"alignnone size-medium wp-image-8417\" src=\"https:\/\/portal.fgeo.gob.mx\/wp-content\/uploads\/2025\/02\/BOLET%C3%8DN-1258.-Programa-%E2%80%9CFiscal%C3%ADa-en-tu-comunidad%E2%80%9D-coadyuva-a-la-construcci%C3%B3n-de-comunidades-m%C3%A1s-seguras-Fiscal-Bernardo-Rodr%C3%ADguez-Alamilla2-300x164.jpeg\" alt=\"\" width=\"300\" height=\"164\" \/> <img loading=\"lazy\" decoding=\"async\" class=\"alignnone size-medium wp-image-8418\" src=\"https:\/\/portal.fgeo.gob.mx\/wp-content\/uploads\/2025\/02\/BOLET%C3%8DN-1258.-Programa-%E2%80%9CFiscal%C3%ADa-en-tu-comunidad%E2%80%9D-coadyuva-a-la-construcci%C3%B3n-de-comunidades-m%C3%A1s-seguras-Fiscal-Bernardo-Rodr%C3%ADguez-Alamilla1-300x200.jpeg\" alt=\"\" width=\"300\" height=\"200\" \/><\/p>\n","protected":false},"author":2,"featured_media":8401,"comment_status":"closed","ping_status":"closed","template":"","tags":[],"categoria_noticias":[],"class_list":["post-16571","noticias","type-noticias","status-publish","has-post-thumbnail","hentry"],"acf":[],"mb":[],"mfb_rest_fields":["title","gutenberg_elementor_mode"],"_links":{"self":[{"href":"https:\/\/portal.fgeo.gob.mx\/index.php\/wp-json\/wp\/v2\/noticias\/16571","targetHints":{"allow":["GET"]}}],"collection":[{"href":"https:\/\/portal.fgeo.gob.mx\/index.php\/wp-json\/wp\/v2\/noticias"}],"about":[{"href":"https:\/\/portal.fgeo.gob.mx\/index.php\/wp-json\/wp\/v2\/types\/noticias"}],"author":[{"embeddable":true,"href":"https:\/\/portal.fgeo.gob.mx\/index.php\/wp-json\/wp\/v2\/users\/2"}],"replies":[{"embeddable":true,"href":"https:\/\/portal.fgeo.gob.mx\/index.php\/wp-json\/wp\/v2\/comments?post=16571"}],"wp:featuredmedia":[{"embeddable":true,"href":"https:\/\/portal.fgeo.gob.mx\/index.php\/wp-json\/"}],"wp:attachment":[{"href":"https:\/\/portal.fgeo.gob.mx\/index.php\/wp-json\/wp\/v2\/media?parent=16571"}],"wp:term":[{"taxonomy":"post_tag","embeddable":true,"href":"https:\/\/portal.fgeo.gob.mx\/index.php\/wp-json\/wp\/v2\/tags?post=16571"},{"taxonomy":"categoria_noticias","embeddable":true,"href":"https:\/\/portal.fgeo.gob.mx\/index.php\/wp-json\/wp\/v2\/categoria_noticias?post=16571"}],"curies":[{"name":"wp","href":"https:\/\/api.w.org\/{rel}","templated":true}]}}