{"id":16570,"date":"2025-02-17T15:00:50","date_gmt":"2025-02-17T21:00:50","guid":{"rendered":"https:\/\/fge.oaxaca.gob.mx\/?post_type=noticias&amp;p=8405"},"modified":"2025-02-17T15:00:50","modified_gmt":"2025-02-17T21:00:50","slug":"boletin-1257-obtiene-fgeo-fallo-condenatorio-por-caso-de-desaparicion-cometida-por-particulares-en-la-region-de-valles-centrales","status":"publish","type":"noticias","link":"https:\/\/portal.fgeo.gob.mx\/index.php\/archivos\/noticias\/boletin-1257-obtiene-fgeo-fallo-condenatorio-por-caso-de-desaparicion-cometida-por-particulares-en-la-region-de-valles-centrales","title":{"rendered":"BOLET\u00cdN 1,257.- Obtiene FGEO fallo condenatorio por caso de desaparici\u00f3n cometida por particulares en la regi\u00f3n de Valles Centrales"},"content":{"rendered":"<p><strong>Oaxaca de Ju\u00e1rez a 17 de febrero de 2025.-<\/strong> Derivado de los trabajos de investigaci\u00f3n multidisciplinaria combinados con inteligencia criminal, la Fiscal\u00eda General del Estado de Oaxaca (FGEO) obtuvo un fallo condenatorio en contra de una persona del sexo masculino identificada como Marcelino P.C.\u00a0 por el delito de desaparici\u00f3n cometida por particulares, hechos ocurridos en la regi\u00f3n de Valles Centrales.<\/p>\n<p>De acuerdo con el expediente penal, los hechos ocurrieron en marzo de 2020 cuando la v\u00edctima, una persona del sexo femenino identificada como A.L.R.C., fue privada de la libertad por el imputado Marcelino P.C., posteriormente se encontr\u00f3 el cuerpo sin vida de la v\u00edctima en inmediaciones del paraje La Soledad, zona perteneciente a Zimatl\u00e1n de \u00c1lvarez.<\/p>\n<p>Ante este hecho, la FGEO a trav\u00e9s de la Unidad Especializada en Desaparici\u00f3n Forzada de la Vicefiscal\u00eda General de Atenci\u00f3n a V\u00edctimas y a la Sociedad, iniciando la investigaci\u00f3n correspondiente que permiti\u00f3 la aprehensi\u00f3n del imputado que, tras ser presentado ante el Juzgado de Control, fue vinculado a proceso.<\/p>\n<p>Despu\u00e9s de presentar las pruebas ante el Juez de la causa, la Fiscal\u00eda de Oaxaca logr\u00f3 obtener el fallo condenatorio en contra de Marcelino P.C.\u00a0 por el delito de desaparici\u00f3n cometida por particulares, quedando a la espera para la lectura de la sentencia.<\/p>\n<p>La Fiscal\u00eda de Oaxaca est\u00e1 comprometida con brindar resultados eficientes a las v\u00edctimas de los delitos, especialmente aquellos que son de alto impacto, como lo es la desaparici\u00f3n de personas que lesionan no solo a las v\u00edctimas directas e indirectas, sino que afectan a todo el tejido social, por ello, es una prioridad garantizar un adecuado acceso a la procuraci\u00f3n de justicia para romper con la impunidad.<\/p>\n<p>&nbsp;<\/p>\n","protected":false},"author":2,"featured_media":8401,"comment_status":"closed","ping_status":"closed","template":"","tags":[],"categoria_noticias":[],"class_list":["post-16570","noticias","type-noticias","status-publish","has-post-thumbnail","hentry"],"acf":[],"mb":[],"mfb_rest_fields":["title","gutenberg_elementor_mode"],"_links":{"self":[{"href":"https:\/\/portal.fgeo.gob.mx\/index.php\/wp-json\/wp\/v2\/noticias\/16570","targetHints":{"allow":["GET"]}}],"collection":[{"href":"https:\/\/portal.fgeo.gob.mx\/index.php\/wp-json\/wp\/v2\/noticias"}],"about":[{"href":"https:\/\/portal.fgeo.gob.mx\/index.php\/wp-json\/wp\/v2\/types\/noticias"}],"author":[{"embeddable":true,"href":"https:\/\/portal.fgeo.gob.mx\/index.php\/wp-json\/wp\/v2\/users\/2"}],"replies":[{"embeddable":true,"href":"https:\/\/portal.fgeo.gob.mx\/index.php\/wp-json\/wp\/v2\/comments?post=16570"}],"wp:featuredmedia":[{"embeddable":true,"href":"https:\/\/portal.fgeo.gob.mx\/index.php\/wp-json\/"}],"wp:attachment":[{"href":"https:\/\/portal.fgeo.gob.mx\/index.php\/wp-json\/wp\/v2\/media?parent=16570"}],"wp:term":[{"taxonomy":"post_tag","embeddable":true,"href":"https:\/\/portal.fgeo.gob.mx\/index.php\/wp-json\/wp\/v2\/tags?post=16570"},{"taxonomy":"categoria_noticias","embeddable":true,"href":"https:\/\/portal.fgeo.gob.mx\/index.php\/wp-json\/wp\/v2\/categoria_noticias?post=16570"}],"curies":[{"name":"wp","href":"https:\/\/api.w.org\/{rel}","templated":true}]}}