{"id":16565,"date":"2025-02-14T09:48:18","date_gmt":"2025-02-14T15:48:18","guid":{"rendered":"https:\/\/fge.oaxaca.gob.mx\/?post_type=noticias&amp;p=8376"},"modified":"2025-02-14T09:48:18","modified_gmt":"2025-02-14T15:48:18","slug":"boletin-1251-fiscalia-de-oaxaca-obtiene-vinculacion-a-proceso-contra-dos-personas-por-homicidio-de-enfermero-cometido-en-la-region-de-la-costa","status":"publish","type":"noticias","link":"https:\/\/portal.fgeo.gob.mx\/index.php\/archivos\/noticias\/boletin-1251-fiscalia-de-oaxaca-obtiene-vinculacion-a-proceso-contra-dos-personas-por-homicidio-de-enfermero-cometido-en-la-region-de-la-costa","title":{"rendered":"BOLET\u00cdN 1,251.-   Fiscal\u00eda de Oaxaca obtiene vinculaci\u00f3n a proceso contra dos personas por Homicidio de enfermero cometido en la regi\u00f3n de la Costa"},"content":{"rendered":"<p style=\"font-weight: 400\"><strong>Oaxaca de Ju\u00e1rez a 14 de febrero de 2025.-<\/strong>\u00a0La Fiscal\u00eda General del Estado de Oaxaca (FGEO) obtuvo auto de vinculaci\u00f3n a proceso y prisi\u00f3n preventiva en contra de una persona del sexo masculino identificada como J.F.A.P. y una mujer identificada como A.G.C., por el delito de Homicidio calificado en agravio de un hombre que en vida respondi\u00f3 al nombre de R.M.P, en hechos ocurridos en la regi\u00f3n de la Costa.<\/p>\n<p style=\"font-weight: 400\">De acuerdo con lo asentado en el expediente penal, el homicidio ocurri\u00f3 el 13 de diciembre de 2024, cuando la v\u00edctima se encontraba en inmediaciones del municipio de San Pedro Pochutla, sitio en donde fue agredido con un arma punzo-cortante (cuchillo) para despojarlo de sus pertenencias.<\/p>\n<p style=\"font-weight: 400\">La investigaci\u00f3n detalla que, sus agresores huyeron del lugar a bordo de una motocicleta. Mientras que, la v\u00edctima (de profesi\u00f3n enfermero y originario del Istmo de Tehuantepec) fue trasladada a un hospital para recibir atenci\u00f3n m\u00e9dica, sitio en el que falleci\u00f3 horas m\u00e1s tarde, a consecuencia de las heridas que sufri\u00f3 en dicho ataque.<\/p>\n<p style=\"font-weight: 400\">Tras estos hechos, la FGEO inici\u00f3 las investigaciones correspondientes a trav\u00e9s de la Vice fiscal\u00eda Regional de la Costa, el Instituto de Servicios Periciales y Agentes Estatales de Investigaci\u00f3n, gracias a las cuales fue posible la detenci\u00f3n de J.F.A.P. y A.G.C., quienes fueron presentados ante el juzgado correspondiente.<\/p>\n<p style=\"font-weight: 400\">Derivado de los datos de prueba aportados por la FGEO, el Juez que atiende la causa determin\u00f3 vincular a proceso a los imputados por el delito de Homicidio Calificado, imponiendo la medida cautelar de prisi\u00f3n preventiva oficiosa, adem\u00e1s de conceder el plazo de tres meses para el cierre de la investigaci\u00f3n complementaria.<\/p>\n<p style=\"font-weight: 400\">La Fiscal\u00eda General de Oaxaca, garantiza investigaciones exhaustivas para esclarecer todo tipo de delitos, aplicando las herramientas legales para castigar a quien o quienes resulten responsables.<\/p>\n<p style=\"font-weight: 400\">\u00a0\u00a0<img fetchpriority=\"high\" decoding=\"async\" class=\"alignnone size-medium wp-image-8377\" src=\"https:\/\/portal.fgeo.gob.mx\/wp-content\/uploads\/2025\/02\/WhatsApp-Image-2025-02-14-at-9.23.07-AM-300x213.jpeg\" alt=\"\" width=\"300\" height=\"213\" \/><\/p>\n","protected":false},"author":2,"featured_media":8353,"comment_status":"closed","ping_status":"closed","template":"","tags":[],"categoria_noticias":[],"class_list":["post-16565","noticias","type-noticias","status-publish","has-post-thumbnail","hentry"],"acf":[],"mb":[],"mfb_rest_fields":["title","gutenberg_elementor_mode"],"_links":{"self":[{"href":"https:\/\/portal.fgeo.gob.mx\/index.php\/wp-json\/wp\/v2\/noticias\/16565","targetHints":{"allow":["GET"]}}],"collection":[{"href":"https:\/\/portal.fgeo.gob.mx\/index.php\/wp-json\/wp\/v2\/noticias"}],"about":[{"href":"https:\/\/portal.fgeo.gob.mx\/index.php\/wp-json\/wp\/v2\/types\/noticias"}],"author":[{"embeddable":true,"href":"https:\/\/portal.fgeo.gob.mx\/index.php\/wp-json\/wp\/v2\/users\/2"}],"replies":[{"embeddable":true,"href":"https:\/\/portal.fgeo.gob.mx\/index.php\/wp-json\/wp\/v2\/comments?post=16565"}],"wp:featuredmedia":[{"embeddable":true,"href":"https:\/\/portal.fgeo.gob.mx\/index.php\/wp-json\/"}],"wp:attachment":[{"href":"https:\/\/portal.fgeo.gob.mx\/index.php\/wp-json\/wp\/v2\/media?parent=16565"}],"wp:term":[{"taxonomy":"post_tag","embeddable":true,"href":"https:\/\/portal.fgeo.gob.mx\/index.php\/wp-json\/wp\/v2\/tags?post=16565"},{"taxonomy":"categoria_noticias","embeddable":true,"href":"https:\/\/portal.fgeo.gob.mx\/index.php\/wp-json\/wp\/v2\/categoria_noticias?post=16565"}],"curies":[{"name":"wp","href":"https:\/\/api.w.org\/{rel}","templated":true}]}}