{"id":16563,"date":"2025-02-13T15:13:32","date_gmt":"2025-02-13T21:13:32","guid":{"rendered":"https:\/\/fge.oaxaca.gob.mx\/?post_type=noticias&amp;p=8365"},"modified":"2025-02-13T15:13:32","modified_gmt":"2025-02-13T21:13:32","slug":"boletin-1249-disminuyen-en-18-4-delitos-de-alto-impacto-en-la-region-de-la-mixteca-bernardo-rodriguez-alamilla","status":"publish","type":"noticias","link":"https:\/\/portal.fgeo.gob.mx\/index.php\/archivos\/noticias\/boletin-1249-disminuyen-en-18-4-delitos-de-alto-impacto-en-la-region-de-la-mixteca-bernardo-rodriguez-alamilla","title":{"rendered":"BOLET\u00cdN 1,249.- Disminuyen en 18.4% delitos de alto impacto en la regi\u00f3n de la Mixteca: Bernardo Rodr\u00edguez Alamilla"},"content":{"rendered":"<p>* Un tema de atenci\u00f3n prioritaria es el robo a transportistas por lo que se han implementado operativos que han permitido la detenci\u00f3n de objetivos prioritarios<\/p>\n<p><strong>Oaxaca de Ju\u00e1rez a 13 de febrero de 2025.-<\/strong> Al participar en la conferencia matutina del Gobierno del Estado, realizada en Huajuapan de Le\u00f3n, el Fiscal de Oaxaca Bernardo Rodr\u00edguez Alamilla resalt\u00f3 que, la regi\u00f3n de la Mixteca presenta una disminuci\u00f3n en delitos de alto impacto del 18.4 por ciento, adem\u00e1s que se encuentra en el quinto lugar de incidencia delictiva por regiones en la entidad.<\/p>\n<p>Durante la conferencia encabezada por el Gobernador de Oaxaca, Salom\u00f3n Jara, en la que estuvieron presentes autoridades municipales de la regi\u00f3n de la Mixteca, el Fiscal General Bernardo Rodr\u00edguez Alamilla explic\u00f3 que la regi\u00f3n se encuentra catalogada como la Coordinaci\u00f3n Regional N\u00famero 2, la cual est\u00e1 integrada por 90 municipios en los cuales se han aplicado estrategias de contenci\u00f3n y atenci\u00f3n al fen\u00f3meno delictivo que han permitido que actualmente presente una disminuci\u00f3n de la incidencia.<\/p>\n<p>Rodr\u00edguez Alamilla puntualiz\u00f3 que la regi\u00f3n concentra el 6.66% de los delitos que se cometen en el estado, se encuentra por debajo de las zonas encabezadas por Oaxaca de Ju\u00e1rez, San Pedro Mixtepec, San Juan Bautista Tuxtepec y Juchit\u00e1n de Zaragoza.<\/p>\n<p>Asimismo, revel\u00f3 que entre los municipios con mayor incidencia delictiva en la regi\u00f3n se encuentran Huajuapan de Le\u00f3n con el 54.16% de los delitos que se denuncian en la regi\u00f3n,\u00a0 Asunci\u00f3n Nochixtl\u00e1n con 15.8%,\u00a0 Silacayoapam con 2.07%,\u00a0 Tezoatl\u00e1n de Segura y Luna\u00a0 con 1.86% y Tepelmeme Villa de Morelos con 1.80% de la incidencia en la Mixteca; a\u00f1adi\u00f3 que estos datos estad\u00edsticos municipales est\u00e1n directamente relacionados con su tama\u00f1o poblacional, pues la suma del resto de los municipios concentran el 25.03%.<\/p>\n<p>El titular de la Fiscal\u00eda General del Estado detall\u00f3 que respecto a los delitos de alto impacto en la regi\u00f3n se present\u00f3 una disminuci\u00f3n del 18.4% en 2024, esto en comparaci\u00f3n con el 2023, y destac\u00f3 que el homicidio doloso disminuy\u00f3 en casi 60%, as\u00ed mismo hubo registraron una baja en la incidencia los delitos de extorsi\u00f3n, robo a casa habitaci\u00f3n y robo de veh\u00edculo de motor, sin embargo, el narcomenudeo presenta un aumento en la incidencia, pero esto est\u00e1 relacionado en forma directa con el aumento de cateos que ha implementado la instituci\u00f3n en la regi\u00f3n.<\/p>\n<p>Al compartir el panorama de la incidencia delictiva en la regi\u00f3n, el Fiscal General Bernardo Rodr\u00edguez Alamilla mostr\u00f3 que en la Mixteca, los delitos m\u00e1s recurrentes durante el 2024 fueron violencia familiar con 911 carpetas iniciadas, lesiones con 664, amenazas con 656, da\u00f1o a la propiedad con 457 y robo de veh\u00edculo de motos con 327 carpetas iniciadas.<\/p>\n<p>Y resalt\u00f3 que un tema de atenci\u00f3n prioritaria es el robo a transportistas por lo que se han implementado operativos que han permitido la detenci\u00f3n de objetivos prioritarios, adem\u00e1s firmar\u00e1n un convenio de colaboraci\u00f3n con las autoridades del estado de Puebla, lo cual permitir\u00e1 realizar labores conjuntas que fortalezcan la seguridad y procuraci\u00f3n de justicia en la zona.<\/p>\n<p>Finalmente, el Fiscal General de Oaxaca, Bernardo Rodr\u00edguez Alamilla reiter\u00f3 que pese a los avances en la disminuci\u00f3n de la incidencia delictiva en la regi\u00f3n, se reforzar\u00e1n los trabajos para mejorar los procesos de procuraci\u00f3n de justicia, adem\u00e1s de continuar coadyuvando en materia de seguridad a trav\u00e9s de la colaboraci\u00f3n interinstitucional para mejorar a\u00fan m\u00e1s los resultados que se ofrecen a la sociedad.<\/p>\n<p><img fetchpriority=\"high\" decoding=\"async\" class=\"alignnone size-medium wp-image-8366\" src=\"https:\/\/portal.fgeo.gob.mx\/wp-content\/uploads\/2025\/02\/WhatsApp-Image-2025-02-13-at-2.09.45-PM-300x200.jpeg\" alt=\"\" width=\"300\" height=\"200\" \/> <img decoding=\"async\" class=\"alignnone size-medium wp-image-8367\" src=\"https:\/\/portal.fgeo.gob.mx\/wp-content\/uploads\/2025\/02\/WhatsApp-Image-2025-02-13-at-2.09.44-PM-300x200.jpeg\" alt=\"\" width=\"300\" height=\"200\" \/><\/p>\n","protected":false},"author":2,"featured_media":8353,"comment_status":"closed","ping_status":"closed","template":"","tags":[],"categoria_noticias":[],"class_list":["post-16563","noticias","type-noticias","status-publish","has-post-thumbnail","hentry"],"acf":[],"mb":[],"mfb_rest_fields":["title","gutenberg_elementor_mode"],"_links":{"self":[{"href":"https:\/\/portal.fgeo.gob.mx\/index.php\/wp-json\/wp\/v2\/noticias\/16563","targetHints":{"allow":["GET"]}}],"collection":[{"href":"https:\/\/portal.fgeo.gob.mx\/index.php\/wp-json\/wp\/v2\/noticias"}],"about":[{"href":"https:\/\/portal.fgeo.gob.mx\/index.php\/wp-json\/wp\/v2\/types\/noticias"}],"author":[{"embeddable":true,"href":"https:\/\/portal.fgeo.gob.mx\/index.php\/wp-json\/wp\/v2\/users\/2"}],"replies":[{"embeddable":true,"href":"https:\/\/portal.fgeo.gob.mx\/index.php\/wp-json\/wp\/v2\/comments?post=16563"}],"wp:featuredmedia":[{"embeddable":true,"href":"https:\/\/portal.fgeo.gob.mx\/index.php\/wp-json\/"}],"wp:attachment":[{"href":"https:\/\/portal.fgeo.gob.mx\/index.php\/wp-json\/wp\/v2\/media?parent=16563"}],"wp:term":[{"taxonomy":"post_tag","embeddable":true,"href":"https:\/\/portal.fgeo.gob.mx\/index.php\/wp-json\/wp\/v2\/tags?post=16563"},{"taxonomy":"categoria_noticias","embeddable":true,"href":"https:\/\/portal.fgeo.gob.mx\/index.php\/wp-json\/wp\/v2\/categoria_noticias?post=16563"}],"curies":[{"name":"wp","href":"https:\/\/api.w.org\/{rel}","templated":true}]}}