{"id":16561,"date":"2025-02-13T10:28:39","date_gmt":"2025-02-13T16:28:39","guid":{"rendered":"https:\/\/fge.oaxaca.gob.mx\/?post_type=noticias&amp;p=8361"},"modified":"2025-02-13T10:28:39","modified_gmt":"2025-02-13T16:28:39","slug":"boletin-1247-obtiene-fgeo-vinculacion-a-proceso-contra-dos-imputados-por-tentativa-de-homicidio-hechos-ocurridos-en-la-region-de-la-mixteca","status":"publish","type":"noticias","link":"https:\/\/portal.fgeo.gob.mx\/index.php\/archivos\/noticias\/boletin-1247-obtiene-fgeo-vinculacion-a-proceso-contra-dos-imputados-por-tentativa-de-homicidio-hechos-ocurridos-en-la-region-de-la-mixteca","title":{"rendered":"BOLET\u00cdN 1,247.- Obtiene FGEO vinculaci\u00f3n a proceso contra dos imputados por tentativa de homicidio, hechos ocurridos en la regi\u00f3n de la Mixteca"},"content":{"rendered":"<p><strong>Oaxaca de Ju\u00e1rez a 13 de febrero de 2025.-<\/strong> La Fiscal\u00eda General del Estado de Oaxaca (FGEO) obtuvo auto de vinculaci\u00f3n a proceso en contra de dos personas del sexo masculino identificados como L.A.V.P., alias &#8220;El Flaco&#8221; y M.C.C.G., imputados por el delito de Tentativa de Homicidio, hechos ocurridos en la regi\u00f3n de la Mixteca.<\/p>\n<p>De acuerdo con el expediente penal, los hechos ocurrieron el 30 de enero de 2025, en la calle Hidalgo de la colonia &#8220;El Rosario&#8221; de la ciudad de Huajuapan de Le\u00f3n, lugar donde los imputados, en compa\u00f1\u00eda de otras personas, habr\u00edan atacado con disparos de arma de fuego a las v\u00edctimas\u00a0\u00a0 identificadas con iniciales H.G.M., G.C.G., y A.R.P., infligiendo lesiones que pusieron en peligro su vida.<\/p>\n<p>Derivado de los hechos, la FGEO inici\u00f3 las investigaciones correspondientes a trav\u00e9s de la Unidad Especializada para la Atenci\u00f3n de Delitos de Alto Impacto de la Vicefiscal\u00eda Regional de la Mixteca, logrando obtener las respectivas \u00f3rdenes de aprehensi\u00f3n gracias a las cuales detuvieron de manera legal a los imputados, quienes fueron presentados ante la autoridad que los requiri\u00f3 para su debido proceso.<\/p>\n<p>Gracias a los datos de prueba aportados por el Ministerio P\u00fablico y desahogados en audiencia, el Juez determin\u00f3 vincular a proceso a L.A.V.P., alias &#8220;El Flaco&#8221;, y M.C.C.G., por el delito de Tentativa de Homicidio, adem\u00e1s que impuso la medida cautelar de prisi\u00f3n preventiva oficiosa y otorg\u00f3 dos meses para el cierre de investigaci\u00f3n complementaria.<\/p>\n<p>La Fiscal\u00eda General del Estado investiga en forma prioritaria los delitos de alto impacto con el objetivo de brindar a las v\u00edctimas directas e indirectas adecuados procesos de procuraci\u00f3n de justicia para las v\u00edctimas directas e indirectas.<\/p>\n<p><img decoding=\"async\" class=\"size-medium wp-image-8362\" src=\"https:\/\/portal.fgeo.gob.mx\/wp-content\/uploads\/2025\/02\/Dise%C3%B1o-sin-t%C3%ADtulo-13-300x114.jpg\" alt=\"\" width=\"300\" height=\"114\" \/><\/p>\n","protected":false},"author":2,"featured_media":8353,"comment_status":"closed","ping_status":"closed","template":"","tags":[],"categoria_noticias":[],"class_list":["post-16561","noticias","type-noticias","status-publish","has-post-thumbnail","hentry"],"acf":[],"mb":[],"mfb_rest_fields":["title","gutenberg_elementor_mode"],"_links":{"self":[{"href":"https:\/\/portal.fgeo.gob.mx\/index.php\/wp-json\/wp\/v2\/noticias\/16561","targetHints":{"allow":["GET"]}}],"collection":[{"href":"https:\/\/portal.fgeo.gob.mx\/index.php\/wp-json\/wp\/v2\/noticias"}],"about":[{"href":"https:\/\/portal.fgeo.gob.mx\/index.php\/wp-json\/wp\/v2\/types\/noticias"}],"author":[{"embeddable":true,"href":"https:\/\/portal.fgeo.gob.mx\/index.php\/wp-json\/wp\/v2\/users\/2"}],"replies":[{"embeddable":true,"href":"https:\/\/portal.fgeo.gob.mx\/index.php\/wp-json\/wp\/v2\/comments?post=16561"}],"wp:featuredmedia":[{"embeddable":true,"href":"https:\/\/portal.fgeo.gob.mx\/index.php\/wp-json\/"}],"wp:attachment":[{"href":"https:\/\/portal.fgeo.gob.mx\/index.php\/wp-json\/wp\/v2\/media?parent=16561"}],"wp:term":[{"taxonomy":"post_tag","embeddable":true,"href":"https:\/\/portal.fgeo.gob.mx\/index.php\/wp-json\/wp\/v2\/tags?post=16561"},{"taxonomy":"categoria_noticias","embeddable":true,"href":"https:\/\/portal.fgeo.gob.mx\/index.php\/wp-json\/wp\/v2\/categoria_noticias?post=16561"}],"curies":[{"name":"wp","href":"https:\/\/api.w.org\/{rel}","templated":true}]}}