{"id":16559,"date":"2025-02-12T13:14:52","date_gmt":"2025-02-12T19:14:52","guid":{"rendered":"https:\/\/fge.oaxaca.gob.mx\/?post_type=noticias&amp;p=8350"},"modified":"2025-02-12T13:14:52","modified_gmt":"2025-02-12T19:14:52","slug":"boletin-1245-fiscalia-de-oaxaca-obtiene-vinculacion-a-proceso-contra-dos-personas-por-el-delito-de-trafico-de-plazas-y-servicios","status":"publish","type":"noticias","link":"https:\/\/portal.fgeo.gob.mx\/index.php\/archivos\/noticias\/boletin-1245-fiscalia-de-oaxaca-obtiene-vinculacion-a-proceso-contra-dos-personas-por-el-delito-de-trafico-de-plazas-y-servicios","title":{"rendered":"BOLET\u00cdN 1,245.- Fiscal\u00eda de Oaxaca obtiene vinculaci\u00f3n a proceso contra dos personas por el delito de tr\u00e1fico de plazas y servicios"},"content":{"rendered":"<p><strong>Oaxaca de Ju\u00e1rez a 12 de febrero de 2025.-<\/strong> La Fiscal\u00eda General del Estado de Oaxaca (FGEO) obtuvo auto de vinculaci\u00f3n a proceso contra dos personas del sexo masculino identificadas como S.L.M. y D.S.L., por el delito de tr\u00e1fico de plazas y servicios.<\/p>\n<p>&nbsp;<\/p>\n<p>De acuerdo con el expediente penal del caso, los hechos sucedieron en 2018, cuando S.L.M. y D.S.L., habr\u00edan ofrecido a la v\u00edctima identificada como A.P.C., la posibilidad de obtener una plaza laboral en el Instituto Estatal de Educaci\u00f3n P\u00fablica de Oaxaca (IEEPO), a cambio de un pago de 200 mil pesos.<\/p>\n<p>&nbsp;<\/p>\n<p>La investigaci\u00f3n detalla que los imputados garantizaron a la v\u00edctima el espacio para el trabajo, ante lo cual, el 28 de septiembre de 2018, la v\u00edctima realiz\u00f3 el primer pago, as\u00ed como la documentaci\u00f3n solicitada para iniciar los tr\u00e1mites de la plaza laboral.<\/p>\n<p>&nbsp;<\/p>\n<p>Asimismo, el 19 de diciembre de 2018, la v\u00edctima realiz\u00f3 el segundo pago, luego de recibir una supuesta carta de presentaci\u00f3n.<\/p>\n<p>&nbsp;<\/p>\n<p>Sin embargo, pese a realizar el pago correspondiente, la supuesta plaza no le fue asignada y la v\u00edctima perdi\u00f3 contacto con las personas a las que les hab\u00eda entregado el dinero y la documentaci\u00f3n.<\/p>\n<p>&nbsp;<\/p>\n<p>Tras recibir la denuncia, la FGEO tom\u00f3 conocimiento del caso e inici\u00f3 las investigaciones a trav\u00e9s de la Vicefiscal\u00eda de Valles Centrales, logrando aprehender y presentar ante la autoridad correspondiente a S.L.M. y D.S.L.<\/p>\n<p>&nbsp;<\/p>\n<p>Luego de presentar los datos de prueba aportados por la FGEO, en audiencia el Juez dict\u00f3 auto de vinculaci\u00f3n a proceso en contra de S.L.M. y D.S.L., por el delito de tr\u00e1fico de plazas y servicios, adem\u00e1s de otorgar dos meses para el cierre de la investigaci\u00f3n complementaria.<\/p>\n<p>&nbsp;<\/p>\n<p>La venta de plazas laborales en el servicio p\u00fablico constituye un delito, por lo que evitar este tipo de pr\u00e1cticas ayuda a prevenir la comisi\u00f3n de esta clase de conductas criminales.<\/p>\n<p>&nbsp;<\/p>\n","protected":false},"author":2,"featured_media":8223,"comment_status":"closed","ping_status":"closed","template":"","tags":[],"categoria_noticias":[],"class_list":["post-16559","noticias","type-noticias","status-publish","has-post-thumbnail","hentry"],"acf":[],"mb":[],"mfb_rest_fields":["title","gutenberg_elementor_mode"],"_links":{"self":[{"href":"https:\/\/portal.fgeo.gob.mx\/index.php\/wp-json\/wp\/v2\/noticias\/16559","targetHints":{"allow":["GET"]}}],"collection":[{"href":"https:\/\/portal.fgeo.gob.mx\/index.php\/wp-json\/wp\/v2\/noticias"}],"about":[{"href":"https:\/\/portal.fgeo.gob.mx\/index.php\/wp-json\/wp\/v2\/types\/noticias"}],"author":[{"embeddable":true,"href":"https:\/\/portal.fgeo.gob.mx\/index.php\/wp-json\/wp\/v2\/users\/2"}],"replies":[{"embeddable":true,"href":"https:\/\/portal.fgeo.gob.mx\/index.php\/wp-json\/wp\/v2\/comments?post=16559"}],"wp:featuredmedia":[{"embeddable":true,"href":"https:\/\/portal.fgeo.gob.mx\/index.php\/wp-json\/wp\/v2\/font-families\/(?P<font_family_id>[\\d]+)\/font-faces\/8223"}],"wp:attachment":[{"href":"https:\/\/portal.fgeo.gob.mx\/index.php\/wp-json\/wp\/v2\/media?parent=16559"}],"wp:term":[{"taxonomy":"post_tag","embeddable":true,"href":"https:\/\/portal.fgeo.gob.mx\/index.php\/wp-json\/wp\/v2\/tags?post=16559"},{"taxonomy":"categoria_noticias","embeddable":true,"href":"https:\/\/portal.fgeo.gob.mx\/index.php\/wp-json\/wp\/v2\/categoria_noticias?post=16559"}],"curies":[{"name":"wp","href":"https:\/\/api.w.org\/{rel}","templated":true}]}}