{"id":16555,"date":"2025-02-11T15:18:40","date_gmt":"2025-02-11T21:18:40","guid":{"rendered":"https:\/\/fge.oaxaca.gob.mx\/?post_type=noticias&amp;p=8337"},"modified":"2025-02-11T15:18:40","modified_gmt":"2025-02-11T21:18:40","slug":"boletin-1241-fiscalia-de-oaxaca-aprehende-a-una-persona-por-homicidio-calificado-cometido-en-la-region-del-istmo","status":"publish","type":"noticias","link":"https:\/\/portal.fgeo.gob.mx\/index.php\/archivos\/noticias\/boletin-1241-fiscalia-de-oaxaca-aprehende-a-una-persona-por-homicidio-calificado-cometido-en-la-region-del-istmo","title":{"rendered":"BOLET\u00cdN 1,241.- Fiscal\u00eda de Oaxaca aprehende a una persona por homicidio calificado cometido en la regi\u00f3n del Istmo"},"content":{"rendered":"<p><strong>Oaxaca de Ju\u00e1rez a 11 de febrero de 2025.-<\/strong> La Fiscal\u00eda General del Estado de Oaxaca (FGEO) ejecut\u00f3 una orden de aprehensi\u00f3n en contra de una persona del sexo masculino identificado como W.A.P.G. o W.P.G., por el delito de homicidio calificado en agravio de E.P.C., ocurrido en la regi\u00f3n del Istmo de Tehuantepec.<\/p>\n<p>De acuerdo con lo asentado en el expediente penal, el 27 de agosto 2024, la v\u00edctima se encontraba sobre la calle 30 de abril de la colonia Jos\u00e9 L\u00f3pez Portillo del municipio de Santo Domingo Tehuantepec, cuando fue atacado con disparos de arma de fuego, infligiendo diversas lesiones que lo privaron de la vida.<\/p>\n<p>Ante estos hechos, la Fiscal\u00eda General del Estado de Oaxaca a trav\u00e9s de la Vicefiscal\u00eda Regional del Istmo, realiz\u00f3 las investigaciones correspondientes que permitieron obtener una orden de aprehensi\u00f3n en contra de W.A.P.G. o W.P.G., por el delito de homicidio calificado.<\/p>\n<p>Una vez detenido, fue puesto a disposici\u00f3n del Ministerio P\u00fablico para determinar su situaci\u00f3n jur\u00eddica.<\/p>\n<p>La Fiscal\u00eda General garantiza investigaciones exhaustivas para esclarecer delitos, aplicando las herramientas legales para castigar a quien o quienes resulten responsables.<\/p>\n<p><img fetchpriority=\"high\" decoding=\"async\" class=\"size-medium wp-image-8338\" src=\"https:\/\/portal.fgeo.gob.mx\/wp-content\/uploads\/2025\/02\/Dise%C3%B1o-sin-t%C3%ADtulo-12-300x243.jpg\" alt=\"\" width=\"300\" height=\"243\" \/><\/p>\n","protected":false},"author":2,"featured_media":8223,"comment_status":"closed","ping_status":"closed","template":"","tags":[],"categoria_noticias":[],"class_list":["post-16555","noticias","type-noticias","status-publish","has-post-thumbnail","hentry"],"acf":[],"mb":[],"mfb_rest_fields":["title","gutenberg_elementor_mode"],"_links":{"self":[{"href":"https:\/\/portal.fgeo.gob.mx\/index.php\/wp-json\/wp\/v2\/noticias\/16555","targetHints":{"allow":["GET"]}}],"collection":[{"href":"https:\/\/portal.fgeo.gob.mx\/index.php\/wp-json\/wp\/v2\/noticias"}],"about":[{"href":"https:\/\/portal.fgeo.gob.mx\/index.php\/wp-json\/wp\/v2\/types\/noticias"}],"author":[{"embeddable":true,"href":"https:\/\/portal.fgeo.gob.mx\/index.php\/wp-json\/wp\/v2\/users\/2"}],"replies":[{"embeddable":true,"href":"https:\/\/portal.fgeo.gob.mx\/index.php\/wp-json\/wp\/v2\/comments?post=16555"}],"wp:featuredmedia":[{"embeddable":true,"href":"https:\/\/portal.fgeo.gob.mx\/index.php\/wp-json\/wp\/v2\/font-families\/(?P<font_family_id>[\\d]+)\/font-faces\/8223"}],"wp:attachment":[{"href":"https:\/\/portal.fgeo.gob.mx\/index.php\/wp-json\/wp\/v2\/media?parent=16555"}],"wp:term":[{"taxonomy":"post_tag","embeddable":true,"href":"https:\/\/portal.fgeo.gob.mx\/index.php\/wp-json\/wp\/v2\/tags?post=16555"},{"taxonomy":"categoria_noticias","embeddable":true,"href":"https:\/\/portal.fgeo.gob.mx\/index.php\/wp-json\/wp\/v2\/categoria_noticias?post=16555"}],"curies":[{"name":"wp","href":"https:\/\/api.w.org\/{rel}","templated":true}]}}