{"id":16554,"date":"2025-02-11T10:55:59","date_gmt":"2025-02-11T16:55:59","guid":{"rendered":"https:\/\/fge.oaxaca.gob.mx\/?post_type=noticias&amp;p=8335"},"modified":"2025-02-11T10:55:59","modified_gmt":"2025-02-11T16:55:59","slug":"boletin-1240-fiscalia-de-oaxaca-en-colaboracion-con-fiscalia-de-baja-california-ejecutan-orden-de-aprehension-y-detienen-a-una-persona-por-feminicidio-cometido-en-la-region-de-los-valles-centrales","status":"publish","type":"noticias","link":"https:\/\/portal.fgeo.gob.mx\/index.php\/archivos\/noticias\/boletin-1240-fiscalia-de-oaxaca-en-colaboracion-con-fiscalia-de-baja-california-ejecutan-orden-de-aprehension-y-detienen-a-una-persona-por-feminicidio-cometido-en-la-region-de-los-valles-centrales","title":{"rendered":"BOLET\u00cdN 1,240.- Fiscal\u00eda de Oaxaca en colaboraci\u00f3n con Fiscal\u00eda de Baja California, ejecutan orden de aprehensi\u00f3n y detienen a una persona por feminicidio cometido en la regi\u00f3n de los Valles Centrales"},"content":{"rendered":"<p><strong>Oaxaca de Ju\u00e1rez a 11 de febrero de 2025.-<\/strong> La Fiscal\u00eda General del Estado de Oaxaca (FGEO), en colaboraci\u00f3n interinstitucional con la Fiscal\u00eda de Baja California, Llevaron a cabo un operativo en el que ejecutaron una orden de aprehensi\u00f3n que permiti\u00f3 la detenci\u00f3n de una persona identificada como J.P.M., por el delito de Feminicidio, hechos ocurridos en la regi\u00f3n de los Valles Centrales.<\/p>\n<p>La detenci\u00f3n se realiz\u00f3 en el municipio de San Quint\u00edn, la cual se llev\u00f3 a cabo gracias a la coordinaci\u00f3n de Agentes Estatales de Investigaci\u00f3n de Ensenada, Baja California con Agentes Investigadores de Oaxaca.<\/p>\n<p>De acuerdo con el expediente penal, los hechos ocurrieron en 2018, en la localidad de El Gachup\u00edn, en el municipio de Santa Mar\u00eda Tlazoyaltepec, distrito de Etla, donde localizaron el cuerpo sin vida de una mujer adulta mayor identificada como A.P.S., quien presentaba signos de violencia.<\/p>\n<p>Al tener conocimiento de los hechos, la FGEO atrajo el caso e inici\u00f3 las investigaciones a trav\u00e9s de la Fiscal\u00eda Especializada para la Atenci\u00f3n de Delitos contra la Mujer por Raz\u00f3n de G\u00e9nero, trabajos que permitieron establecer que J.P.M. se refugiaba en el estado de Baja California.<\/p>\n<p>Derivado de las investigaciones, la Fiscal\u00eda General del Estado de Oaxaca logr\u00f3 la obtenci\u00f3n de una orden de aprehensi\u00f3n en contra de J.P.M., por lo que solicit\u00f3 la colaboraci\u00f3n interinstitucional de la Fiscal\u00eda de Baja California para dar cumplimiento al mandato judicial por el delito de feminicidio.<\/p>\n<p>Tras la ejecuci\u00f3n de la orden de aprehensi\u00f3n por el delito de feminicidio en contra de J.P.M., se iniciaron los tr\u00e1mites legales pertinentes para su traslado a Oaxaca y con ello, ponerlo a disposici\u00f3n de la autoridad ministerial correspondiente para determinar su situaci\u00f3n jur\u00eddica.<\/p>\n<p>Ante casos de delitos cometidos contra mujeres, ni\u00f1as y adolescentes, la Fiscal\u00eda de Oaxaca tiene como prioridad procurar justicia para las v\u00edctimas directas e indirectas de estos hechos, con el objetivo de evitar la impunidad y desincentivar la comisi\u00f3n de estos actos que lesionan profundamente el tejido social.<\/p>\n<p><img fetchpriority=\"high\" decoding=\"async\" class=\"alignnone size-medium wp-image-8336\" src=\"https:\/\/portal.fgeo.gob.mx\/wp-content\/uploads\/2025\/02\/Dise%C3%B1o-sin-t%C3%ADtulo-11-191x300.jpg\" alt=\"\" width=\"191\" height=\"300\" \/><\/p>\n","protected":false},"author":2,"featured_media":8223,"comment_status":"closed","ping_status":"closed","template":"","tags":[],"categoria_noticias":[],"class_list":["post-16554","noticias","type-noticias","status-publish","has-post-thumbnail","hentry"],"acf":[],"mb":[],"mfb_rest_fields":["title","gutenberg_elementor_mode"],"_links":{"self":[{"href":"https:\/\/portal.fgeo.gob.mx\/index.php\/wp-json\/wp\/v2\/noticias\/16554","targetHints":{"allow":["GET"]}}],"collection":[{"href":"https:\/\/portal.fgeo.gob.mx\/index.php\/wp-json\/wp\/v2\/noticias"}],"about":[{"href":"https:\/\/portal.fgeo.gob.mx\/index.php\/wp-json\/wp\/v2\/types\/noticias"}],"author":[{"embeddable":true,"href":"https:\/\/portal.fgeo.gob.mx\/index.php\/wp-json\/wp\/v2\/users\/2"}],"replies":[{"embeddable":true,"href":"https:\/\/portal.fgeo.gob.mx\/index.php\/wp-json\/wp\/v2\/comments?post=16554"}],"wp:featuredmedia":[{"embeddable":true,"href":"https:\/\/portal.fgeo.gob.mx\/index.php\/wp-json\/wp\/v2\/font-families\/(?P<font_family_id>[\\d]+)\/font-faces\/8223"}],"wp:attachment":[{"href":"https:\/\/portal.fgeo.gob.mx\/index.php\/wp-json\/wp\/v2\/media?parent=16554"}],"wp:term":[{"taxonomy":"post_tag","embeddable":true,"href":"https:\/\/portal.fgeo.gob.mx\/index.php\/wp-json\/wp\/v2\/tags?post=16554"},{"taxonomy":"categoria_noticias","embeddable":true,"href":"https:\/\/portal.fgeo.gob.mx\/index.php\/wp-json\/wp\/v2\/categoria_noticias?post=16554"}],"curies":[{"name":"wp","href":"https:\/\/api.w.org\/{rel}","templated":true}]}}